{"id":994,"date":"2019-08-21T20:26:33","date_gmt":"2019-08-21T19:26:33","guid":{"rendered":"https:\/\/www.baerenfunk.de\/?p=994"},"modified":"2019-11-15T11:55:50","modified_gmt":"2019-11-15T10:55:50","slug":"bericht-vom-ov-treffen-14-august","status":"publish","type":"post","link":"https:\/\/www.baerenfunk.de\/index.php\/2019\/08\/21\/bericht-vom-ov-treffen-14-august\/","title":{"rendered":"Bericht vom OV-Treffen 14. August"},"content":{"rendered":"\n<p><strong>AREDN-Demonstration<\/strong><br> Technischer H\u00f6hepunkt des Abends war die Demonstration von AREDN-Komponenten, die mittlerweile erfolgreich vom ASB z.B. im Rahmen von Gro\u00dfveranstaltungen auf der Expo-Plaza verwendet werden. Holger, DO4BZ zeigte die wesentlichen technischen Ger\u00e4tschaften und erl\u00e4uterte ihre Funktionsweise. Zum Einsatz kommt Standard-Hardware von Ubiquiti und Mikrotek, die zum LAN- und Wlan-Standard geh\u00f6ren. Sie werden auf eine andere Software umgeflasht, damit ein AREDN (Amateur Radio Emergency Data Network) aufgebaut werden kann. Die so vorbereitetet Komponenten k\u00f6nnen einfach \u00fcber Lan-Kabel verbunden werden &#8211; die Stromversorgung erfolgt mittels Power over Ethernet (PoE).  \u00c4hnlich wie das HAMNET wird AREDN auf den entsprechenden Amateurfunkfrequenzen im GHz-Bereich betrieben. Die Funkamateure im ASB nutzen diese Technologie um z.B. bei Veranstaltungen eine weitere Kommunikationsebene neben dem BOS-Funk bereitzustellen. Die bisherigen Erfahrungen mit dem Einsatz auf Gro\u00dfveranstaltungen z.B. auf der Expo-Plaza sind ermutigend. Die L\u00f6sung erfreut sich guter Akzeptanz bei den Hilfs- und Rettungsdiensten des ASB und wird damit sicher als dauerhafte alternative zum Funk ausgebaut werden.<br> In der anschlie\u00dfenden Diskussion wurde einerseits das Konzept gew\u00fcrdigt, andererseits wurden auch die derzeitigen rechtlichen Grenzen benannt und diskutiert. Insbesondere hier gilt es in best\u00e4ndigem Kontakt zu den Beh\u00f6rden die Chancen zu nutzen um rechtliche Fragestellungen zu einer guten L\u00f6sung zu f\u00fchren. Holger betonte ausdr\u00fccklich, das hier ja auch schon erste Erfolge f\u00fcr den Amateurfunk zu verzeichnen sind. AREDN-Komponenten sind \u00fcberall dort eine gute L\u00f6sung, wo man aus dem Stand heraus ein funktionierendes LAN\/WLAN-Netzwerk aufbauen m\u00f6chte. AREDN ist keine Basis f\u00fcr &#8222;normale&#8220; Amateurfunk-QSOs, wie wir sie z.B. von Relais her kennen.<\/p>\n\n\n\n<p><strong>Treffen am Doktorsee ins Weserbergland bei Hameln verlegt<\/strong><br> Recht spontan ist die Entscheidung gefallen, das Treffen am Doktorsee kurzerhand auf den Campingplatz Gruppencamping Weserbergland zu verlegen. Mittlerweile ist dem Platz am Doktor-See abgesagt und wir haben eine Zusage vom Gruppencamping Weserbergland. Bitte meldet Euch f\u00fcr unser September-Treffen an.  <br><a href=\"https:\/\/www.baerenfunk.de\/index.php\/event\/september-treffen\/\">https:\/\/www.baerenfunk.de\/index.php\/event\/september-treffen\/<\/a> <\/p>\n\n\n\n<p><strong>10 Jahre Container auf dem Lindener Berg<\/strong><br>Im September 2009 wurde der Container f\u00fcr uns auf den Lindener Berg gestellt. <br>Aus der Frage, ob wir das Ereignis in irgendeiner Form feiern oder w\u00fcrdigen wollen, entwickelte sich eine Diskussion um den technischen Zustand der Solar\/Batterieversorgung und die Sauberkeit im Container. OM Charlie, DD0DR erkl\u00e4rte sich bereit, eine Materialliste zu erstellen, damit wir f\u00fcr die f\u00fcr die von ihm vorgesehenen Verbesserungen notwendigen Teile\/Komponenten bestellen k\u00f6nnen.<br>Ein Beschluss, ob wir aus dem Anlass &#8222;10 Jahre Container&#8220; noch andere Aktion herleiten (z.B: Motiv f\u00fcr die QSL-Karten o.\u00e4.) wurde nicht gefasst. <\/p>\n\n\n\n<p><strong>2 Meter-Relais<\/strong><br>\u00dcber den ASB erhielt J\u00f6rg, DO1JAW die Information, dass es auf dem Dach des Siloahs noch ein verwaistes 2 Meter Relais gibt. Kai, DO9KAS und J\u00f6rg wollen den Standort besichtigen und einmal pr\u00fcfen, was sich mit der Hardware machen l\u00e4sst. Achim, DL9OAC hat eventuell eine passende Weiche, die allerdings entsprechend abgeglichen werden m\u00fcsste. Gleichzeitig muss gepr\u00fcft werden, ob es eine freie Frequenz f\u00fcr ein solches Relais in Hannover gibt.<\/p>\n\n\n\n<p><\/p>\n\n\n\n<p><\/p>\n","protected":false},"excerpt":{"rendered":"<p>AREDN-Demonstration Technischer H\u00f6hepunkt des Abends war die Demonstration von AREDN-Komponenten, die mittlerweile erfolgreich vom ASB z.B. im Rahmen von Gro\u00dfveranstaltungen auf der Expo-Plaza verwendet werden. Holger, DO4BZ zeigte die wesentlichen &hellip; <\/p>\n<p class=\"link-more\"><a href=\"https:\/\/www.baerenfunk.de\/index.php\/2019\/08\/21\/bericht-vom-ov-treffen-14-august\/\" class=\"more-link\"><span class=\"screen-reader-text\">\u201eBericht vom OV-Treffen 14. August\u201c<\/span> weiterlesen<\/a><\/p>\n","protected":false},"author":1,"featured_media":0,"comment_status":"closed","ping_status":"closed","sticky":false,"template":"","format":"standard","meta":{"footnotes":""},"categories":[75],"tags":[],"_links":{"self":[{"href":"https:\/\/www.baerenfunk.de\/index.php\/wp-json\/wp\/v2\/posts\/994"}],"collection":[{"href":"https:\/\/www.baerenfunk.de\/index.php\/wp-json\/wp\/v2\/posts"}],"about":[{"href":"https:\/\/www.baerenfunk.de\/index.php\/wp-json\/wp\/v2\/types\/post"}],"author":[{"embeddable":true,"href":"https:\/\/www.baerenfunk.de\/index.php\/wp-json\/wp\/v2\/users\/1"}],"replies":[{"embeddable":true,"href":"https:\/\/www.baerenfunk.de\/index.php\/wp-json\/wp\/v2\/comments?post=994"}],"version-history":[{"count":5,"href":"https:\/\/www.baerenfunk.de\/index.php\/wp-json\/wp\/v2\/posts\/994\/revisions"}],"predecessor-version":[{"id":1001,"href":"https:\/\/www.baerenfunk.de\/index.php\/wp-json\/wp\/v2\/posts\/994\/revisions\/1001"}],"wp:attachment":[{"href":"https:\/\/www.baerenfunk.de\/index.php\/wp-json\/wp\/v2\/media?parent=994"}],"wp:term":[{"taxonomy":"category","embeddable":true,"href":"https:\/\/www.baerenfunk.de\/index.php\/wp-json\/wp\/v2\/categories?post=994"},{"taxonomy":"post_tag","embeddable":true,"href":"https:\/\/www.baerenfunk.de\/index.php\/wp-json\/wp\/v2\/tags?post=994"}],"curies":[{"name":"wp","href":"https:\/\/api.w.org\/{rel}","templated":true}]}}