{"id":984,"date":"2019-08-04T15:41:13","date_gmt":"2019-08-04T14:41:13","guid":{"rendered":"https:\/\/www.baerenfunk.de\/?p=984"},"modified":"2019-08-04T15:43:53","modified_gmt":"2019-08-04T14:43:53","slug":"teamarbeit-im-funk-gefragt","status":"publish","type":"post","link":"https:\/\/www.baerenfunk.de\/index.php\/2019\/08\/04\/teamarbeit-im-funk-gefragt\/","title":{"rendered":"Teamarbeit im Funk gefragt"},"content":{"rendered":"\n<p>Eine besondere M\u00f6glichkeit zur Teamarbeit bietet sich am Donnerstag, dem 15.08.2019 f\u00fcr Funkamateure. Es besteht die M\u00f6glichkeit mit dem eigenen Handfunkger\u00e4t an einer Funk- und Fahr\u00fcbung des Funkdienstes des ASB teilzunehmen. F\u00fcr die gemischten Teams gibt es verschiedene Aufgaben zu l\u00f6sen, gleichzeitig werden interessante Punkte in Hannover angefahren. An diesen Punkten sollen dann Funkverbindungen aufgebaut werden &#8211; sowohl \u00fcber BOS-Funk als auch \u00fcber Amateurfunk. Die Funk\u00fcbung findet am Donnerstagabend ab 19:00 Uhr statt und dauert ca. 2 Stunden. Interessenten melden sich bei J\u00f6rg, DO1JA, do1jaw@darc.de oder auf unserem OV-Abend an.<\/p>\n","protected":false},"excerpt":{"rendered":"<p>Eine besondere M\u00f6glichkeit zur Teamarbeit bietet sich am Donnerstag, dem 15.08.2019 f\u00fcr Funkamateure. Es besteht die M\u00f6glichkeit mit dem eigenen Handfunkger\u00e4t an einer Funk- und Fahr\u00fcbung des Funkdienstes des ASB &hellip; <\/p>\n<p class=\"link-more\"><a href=\"https:\/\/www.baerenfunk.de\/index.php\/2019\/08\/04\/teamarbeit-im-funk-gefragt\/\" class=\"more-link\"><span class=\"screen-reader-text\">\u201eTeamarbeit im Funk gefragt\u201c<\/span> weiterlesen<\/a><\/p>\n","protected":false},"author":1,"featured_media":0,"comment_status":"closed","ping_status":"closed","sticky":false,"template":"","format":"standard","meta":{"footnotes":""},"categories":[3,4],"tags":[],"_links":{"self":[{"href":"https:\/\/www.baerenfunk.de\/index.php\/wp-json\/wp\/v2\/posts\/984"}],"collection":[{"href":"https:\/\/www.baerenfunk.de\/index.php\/wp-json\/wp\/v2\/posts"}],"about":[{"href":"https:\/\/www.baerenfunk.de\/index.php\/wp-json\/wp\/v2\/types\/post"}],"author":[{"embeddable":true,"href":"https:\/\/www.baerenfunk.de\/index.php\/wp-json\/wp\/v2\/users\/1"}],"replies":[{"embeddable":true,"href":"https:\/\/www.baerenfunk.de\/index.php\/wp-json\/wp\/v2\/comments?post=984"}],"version-history":[{"count":2,"href":"https:\/\/www.baerenfunk.de\/index.php\/wp-json\/wp\/v2\/posts\/984\/revisions"}],"predecessor-version":[{"id":986,"href":"https:\/\/www.baerenfunk.de\/index.php\/wp-json\/wp\/v2\/posts\/984\/revisions\/986"}],"wp:attachment":[{"href":"https:\/\/www.baerenfunk.de\/index.php\/wp-json\/wp\/v2\/media?parent=984"}],"wp:term":[{"taxonomy":"category","embeddable":true,"href":"https:\/\/www.baerenfunk.de\/index.php\/wp-json\/wp\/v2\/categories?post=984"},{"taxonomy":"post_tag","embeddable":true,"href":"https:\/\/www.baerenfunk.de\/index.php\/wp-json\/wp\/v2\/tags?post=984"}],"curies":[{"name":"wp","href":"https:\/\/api.w.org\/{rel}","templated":true}]}}