{"id":906,"date":"2019-04-27T16:27:30","date_gmt":"2019-04-27T15:27:30","guid":{"rendered":"https:\/\/www.baerenfunk.de\/?p=906"},"modified":"2019-04-27T16:27:31","modified_gmt":"2019-04-27T15:27:31","slug":"spontanes-ostertreffen-am-container","status":"publish","type":"post","link":"https:\/\/www.baerenfunk.de\/index.php\/2019\/04\/27\/spontanes-ostertreffen-am-container\/","title":{"rendered":"Spontanes Ostertreffen am Container"},"content":{"rendered":"<p>Viele Aktivit\u00e4ten des Ortsverbandes entstehen spontan und ohne gr\u00f6\u00dferem organisatorischen Aufwand. So nutzten einige von uns das sch\u00f6ne Wetter zu Ostern, um den Container aufzuklappen und die Nanowellen-Frequenzen zu beleben.<br \/>\nOftmals werden die aktuellen Aktivit\u00e4ten dann auf Facebook in der Gruppe DL0TY ver\u00f6ffentlicht. Von dort stammt auch das stimmungsvolle Bild&#8230;<\/p>\n","protected":false},"excerpt":{"rendered":"<p>Viele Aktivit\u00e4ten des Ortsverbandes entstehen spontan und ohne gr\u00f6\u00dferem organisatorischen Aufwand. So nutzten einige von uns das sch\u00f6ne Wetter zu Ostern, um den Container aufzuklappen und die Nanowellen-Frequenzen zu beleben. &hellip; <\/p>\n<p class=\"link-more\"><a href=\"https:\/\/www.baerenfunk.de\/index.php\/2019\/04\/27\/spontanes-ostertreffen-am-container\/\" class=\"more-link\"><span class=\"screen-reader-text\">\u201eSpontanes Ostertreffen am Container\u201c<\/span> weiterlesen<\/a><\/p>\n","protected":false},"author":1,"featured_media":909,"comment_status":"closed","ping_status":"closed","sticky":false,"template":"","format":"standard","meta":{"footnotes":""},"categories":[4],"tags":[10],"_links":{"self":[{"href":"https:\/\/www.baerenfunk.de\/index.php\/wp-json\/wp\/v2\/posts\/906"}],"collection":[{"href":"https:\/\/www.baerenfunk.de\/index.php\/wp-json\/wp\/v2\/posts"}],"about":[{"href":"https:\/\/www.baerenfunk.de\/index.php\/wp-json\/wp\/v2\/types\/post"}],"author":[{"embeddable":true,"href":"https:\/\/www.baerenfunk.de\/index.php\/wp-json\/wp\/v2\/users\/1"}],"replies":[{"embeddable":true,"href":"https:\/\/www.baerenfunk.de\/index.php\/wp-json\/wp\/v2\/comments?post=906"}],"version-history":[{"count":1,"href":"https:\/\/www.baerenfunk.de\/index.php\/wp-json\/wp\/v2\/posts\/906\/revisions"}],"predecessor-version":[{"id":907,"href":"https:\/\/www.baerenfunk.de\/index.php\/wp-json\/wp\/v2\/posts\/906\/revisions\/907"}],"wp:featuredmedia":[{"embeddable":true,"href":"https:\/\/www.baerenfunk.de\/index.php\/wp-json\/wp\/v2\/media\/909"}],"wp:attachment":[{"href":"https:\/\/www.baerenfunk.de\/index.php\/wp-json\/wp\/v2\/media?parent=906"}],"wp:term":[{"taxonomy":"category","embeddable":true,"href":"https:\/\/www.baerenfunk.de\/index.php\/wp-json\/wp\/v2\/categories?post=906"},{"taxonomy":"post_tag","embeddable":true,"href":"https:\/\/www.baerenfunk.de\/index.php\/wp-json\/wp\/v2\/tags?post=906"}],"curies":[{"name":"wp","href":"https:\/\/api.w.org\/{rel}","templated":true}]}}