{"id":901,"date":"2019-04-10T13:29:17","date_gmt":"2019-04-10T12:29:17","guid":{"rendered":"https:\/\/www.baerenfunk.de\/?p=901"},"modified":"2019-04-10T13:29:20","modified_gmt":"2019-04-10T12:29:20","slug":"das-war-funk-tag-2019","status":"publish","type":"post","link":"https:\/\/www.baerenfunk.de\/index.php\/2019\/04\/10\/das-war-funk-tag-2019\/","title":{"rendered":"Das war: FUNK.TAG 2019"},"content":{"rendered":"\n<p>Die Organisatoren des Funktages in Kassel konnten 200 Besucher mehr verbuchen &#8211; wir haben auch dazu beigetragen. Neben der \u00fcblichen &#8222;Wohnmobil-Clique&#8220; kamen viele OMs einfach so vorbei und vom ASB aus startete zus\u00e4tzlich eine Gruppe mit einem VW-Bus in Richtung Messe Kassel. <\/p>\n\n\n\n<figure class=\"wp-block-image\"><img loading=\"lazy\" decoding=\"async\" width=\"1024\" height=\"578\" src=\"https:\/\/www.baerenfunk.de\/wp-content\/uploads\/2019\/04\/img_20190406_093609-1024x578.jpg\" alt=\"\" class=\"wp-image-891\" srcset=\"https:\/\/www.baerenfunk.de\/wp-content\/uploads\/2019\/04\/img_20190406_093609-1024x578.jpg 1024w, https:\/\/www.baerenfunk.de\/wp-content\/uploads\/2019\/04\/img_20190406_093609-300x169.jpg 300w, https:\/\/www.baerenfunk.de\/wp-content\/uploads\/2019\/04\/img_20190406_093609-768x433.jpg 768w, https:\/\/www.baerenfunk.de\/wp-content\/uploads\/2019\/04\/img_20190406_093609.jpg 1882w\" sizes=\"(max-width: 767px) 89vw, (max-width: 1000px) 54vw, (max-width: 1071px) 543px, 580px\" \/><figcaption>Schlangen am Eingang<br><\/figcaption><\/figure>\n\n\n\n<p>Bereits kurz vor \u00d6ffnung der Tore bildeten sich lange Schlangen vor den Kassen &#8211; aber Dank der guten Organisation ging es schnell voran. Die Messehalle machte einen gut gef\u00fcllten Eindruck und insbesondere der Flohmarkt-Bereich fand wieder viele Liebhaber. Ob alle kommerziellen Aussteller auf ihre Kosten gekommen sind bleibt eine offene Frage: Ich pers\u00f6nlich hatte den Eindruck, das an einigen St\u00e4nden die Kisten mit den Funkger\u00e4ten am Ende der Messe nicht wesentlich weniger geworden sind  &#8211; manche Ger\u00e4te wie z.B. den brandneuen IC 9700 gab es sogar nur zu bestellen.<\/p>\n\n\n\n<figure class=\"wp-block-image\"><img loading=\"lazy\" decoding=\"async\" width=\"1024\" height=\"578\" src=\"https:\/\/www.baerenfunk.de\/wp-content\/uploads\/2019\/04\/img_20190406_100827-2-1024x578.jpg\" alt=\"\" class=\"wp-image-894\" srcset=\"https:\/\/www.baerenfunk.de\/wp-content\/uploads\/2019\/04\/img_20190406_100827-2-1024x578.jpg 1024w, https:\/\/www.baerenfunk.de\/wp-content\/uploads\/2019\/04\/img_20190406_100827-2-300x169.jpg 300w, https:\/\/www.baerenfunk.de\/wp-content\/uploads\/2019\/04\/img_20190406_100827-2-768x433.jpg 768w, https:\/\/www.baerenfunk.de\/wp-content\/uploads\/2019\/04\/img_20190406_100827-2.jpg 1882w\" sizes=\"(max-width: 767px) 89vw, (max-width: 1000px) 54vw, (max-width: 1071px) 543px, 580px\" \/><figcaption>Reger Besucherandrang<\/figcaption><\/figure>\n\n\n\n<p>Bei vielen Besuchern war der wesentliche Grund f\u00fcr die Fahrt nach Kassel, mal wieder alte Bekannte zu treffen. Und so blieb es dann bei vielen Besuchern beim Kauf von diversen Kleinigkeiten.<br> Daf\u00fcr sah man \u00fcberall kleine Gruppen mit Wiedersehensfreude und strahlenden Gesichtern in Gespr\u00e4che vertieft. Auf dem Freigel\u00e4nde konnte man einige spezielle Funk-Mobile oder DJ8JJs EME-Equipment begutachten oder sich mit Bratwurst, Bier und Burger st\u00e4rken. Dazu gab die Sonne ihr Bestes.<\/p>\n\n\n\n<ul class=\"wp-block-gallery columns-1 is-cropped wp-block-gallery-1 is-layout-flex wp-block-gallery-is-layout-flex\"><li class=\"blocks-gallery-item\"><figure><img loading=\"lazy\" decoding=\"async\" width=\"1024\" height=\"578\" src=\"https:\/\/www.baerenfunk.de\/wp-content\/uploads\/2019\/04\/img_20190406_114654-2-1024x578.jpg\" alt=\"\" data-id=\"895\" data-link=\"https:\/\/www.baerenfunk.de\/img_20190406_114654-2\/\" class=\"wp-image-895\" srcset=\"https:\/\/www.baerenfunk.de\/wp-content\/uploads\/2019\/04\/img_20190406_114654-2-1024x578.jpg 1024w, https:\/\/www.baerenfunk.de\/wp-content\/uploads\/2019\/04\/img_20190406_114654-2-300x169.jpg 300w, https:\/\/www.baerenfunk.de\/wp-content\/uploads\/2019\/04\/img_20190406_114654-2-768x433.jpg 768w, https:\/\/www.baerenfunk.de\/wp-content\/uploads\/2019\/04\/img_20190406_114654-2.jpg 1882w\" sizes=\"(max-width: 767px) 89vw, (max-width: 1000px) 54vw, (max-width: 1071px) 543px, 580px\" \/><figcaption>St\u00e4rkung bei strahlender Sonne<\/figcaption><\/figure><\/li><li class=\"blocks-gallery-item\"><figure><img loading=\"lazy\" decoding=\"async\" width=\"1024\" height=\"578\" src=\"https:\/\/www.baerenfunk.de\/wp-content\/uploads\/2019\/04\/img_20190406_134343-1024x578.jpg\" alt=\"\" data-id=\"897\" data-link=\"https:\/\/www.baerenfunk.de\/img_20190406_134343\/\" class=\"wp-image-897\" srcset=\"https:\/\/www.baerenfunk.de\/wp-content\/uploads\/2019\/04\/img_20190406_134343-1024x578.jpg 1024w, https:\/\/www.baerenfunk.de\/wp-content\/uploads\/2019\/04\/img_20190406_134343-300x169.jpg 300w, https:\/\/www.baerenfunk.de\/wp-content\/uploads\/2019\/04\/img_20190406_134343-768x433.jpg 768w, https:\/\/www.baerenfunk.de\/wp-content\/uploads\/2019\/04\/img_20190406_134343.jpg 1882w\" sizes=\"(max-width: 767px) 89vw, (max-width: 1000px) 54vw, (max-width: 1071px) 543px, 580px\" \/><figcaption>Saugkreis portabel<\/figcaption><\/figure><\/li><li class=\"blocks-gallery-item\"><figure><img loading=\"lazy\" decoding=\"async\" width=\"1024\" height=\"578\" src=\"https:\/\/www.baerenfunk.de\/wp-content\/uploads\/2019\/04\/img_20190406_132739-1024x578.jpg\" alt=\"\" data-id=\"896\" data-link=\"https:\/\/www.baerenfunk.de\/img_20190406_132739\/\" class=\"wp-image-896\" srcset=\"https:\/\/www.baerenfunk.de\/wp-content\/uploads\/2019\/04\/img_20190406_132739-1024x578.jpg 1024w, https:\/\/www.baerenfunk.de\/wp-content\/uploads\/2019\/04\/img_20190406_132739-300x169.jpg 300w, https:\/\/www.baerenfunk.de\/wp-content\/uploads\/2019\/04\/img_20190406_132739-768x433.jpg 768w, https:\/\/www.baerenfunk.de\/wp-content\/uploads\/2019\/04\/img_20190406_132739.jpg 1882w\" sizes=\"(max-width: 767px) 89vw, (max-width: 1000px) 54vw, (max-width: 1071px) 543px, 580px\" \/><figcaption>Funk.Mobil<\/figcaption><\/figure><\/li><\/ul>\n\n\n\n<p><br>Alles in allem eine gelungene Veranstaltung, dem Veranstaltungsteam herzlichen Dank daf\u00fcr!<\/p>\n\n\n\n<ul class=\"wp-block-gallery columns-2 is-cropped wp-block-gallery-2 is-layout-flex wp-block-gallery-is-layout-flex\"><li class=\"blocks-gallery-item\"><figure><img loading=\"lazy\" decoding=\"async\" width=\"1024\" height=\"578\" src=\"https:\/\/www.baerenfunk.de\/wp-content\/uploads\/2019\/04\/img_20190406_095908-1024x578.jpg\" alt=\"\" data-id=\"893\" data-link=\"https:\/\/www.baerenfunk.de\/img_20190406_095908\/\" class=\"wp-image-893\" srcset=\"https:\/\/www.baerenfunk.de\/wp-content\/uploads\/2019\/04\/img_20190406_095908-1024x578.jpg 1024w, https:\/\/www.baerenfunk.de\/wp-content\/uploads\/2019\/04\/img_20190406_095908-300x169.jpg 300w, https:\/\/www.baerenfunk.de\/wp-content\/uploads\/2019\/04\/img_20190406_095908-768x433.jpg 768w, https:\/\/www.baerenfunk.de\/wp-content\/uploads\/2019\/04\/img_20190406_095908.jpg 1882w\" sizes=\"(max-width: 767px) 89vw, (max-width: 1000px) 54vw, (max-width: 1071px) 543px, 580px\" \/><figcaption>Das Veranstaltungsteam auf der B\u00fchne<\/figcaption><\/figure><\/li><li class=\"blocks-gallery-item\"><figure><img loading=\"lazy\" decoding=\"async\" width=\"1024\" height=\"578\" src=\"https:\/\/www.baerenfunk.de\/wp-content\/uploads\/2019\/04\/img_20190406_161032-1024x578.jpg\" alt=\"\" data-id=\"898\" data-link=\"https:\/\/www.baerenfunk.de\/img_20190406_161032\/\" class=\"wp-image-898\" srcset=\"https:\/\/www.baerenfunk.de\/wp-content\/uploads\/2019\/04\/img_20190406_161032-1024x578.jpg 1024w, https:\/\/www.baerenfunk.de\/wp-content\/uploads\/2019\/04\/img_20190406_161032-300x169.jpg 300w, https:\/\/www.baerenfunk.de\/wp-content\/uploads\/2019\/04\/img_20190406_161032-768x433.jpg 768w, https:\/\/www.baerenfunk.de\/wp-content\/uploads\/2019\/04\/img_20190406_161032.jpg 1882w\" sizes=\"(max-width: 767px) 89vw, (max-width: 1000px) 54vw, (max-width: 1071px) 543px, 580px\" \/><figcaption>Notfunk to go&#8230;<\/figcaption><\/figure><\/li><\/ul>\n","protected":false},"excerpt":{"rendered":"<p>Die Organisatoren des Funktages in Kassel konnten 200 Besucher mehr verbuchen &#8211; wir haben auch dazu beigetragen. Neben der \u00fcblichen &#8222;Wohnmobil-Clique&#8220; kamen viele OMs einfach so vorbei und vom ASB &hellip; <\/p>\n<p class=\"link-more\"><a href=\"https:\/\/www.baerenfunk.de\/index.php\/2019\/04\/10\/das-war-funk-tag-2019\/\" class=\"more-link\"><span class=\"screen-reader-text\">\u201eDas war: FUNK.TAG 2019\u201c<\/span> weiterlesen<\/a><\/p>\n","protected":false},"author":1,"featured_media":892,"comment_status":"closed","ping_status":"closed","sticky":false,"template":"","format":"standard","meta":{"footnotes":""},"categories":[4],"tags":[71],"_links":{"self":[{"href":"https:\/\/www.baerenfunk.de\/index.php\/wp-json\/wp\/v2\/posts\/901"}],"collection":[{"href":"https:\/\/www.baerenfunk.de\/index.php\/wp-json\/wp\/v2\/posts"}],"about":[{"href":"https:\/\/www.baerenfunk.de\/index.php\/wp-json\/wp\/v2\/types\/post"}],"author":[{"embeddable":true,"href":"https:\/\/www.baerenfunk.de\/index.php\/wp-json\/wp\/v2\/users\/1"}],"replies":[{"embeddable":true,"href":"https:\/\/www.baerenfunk.de\/index.php\/wp-json\/wp\/v2\/comments?post=901"}],"version-history":[{"count":1,"href":"https:\/\/www.baerenfunk.de\/index.php\/wp-json\/wp\/v2\/posts\/901\/revisions"}],"predecessor-version":[{"id":902,"href":"https:\/\/www.baerenfunk.de\/index.php\/wp-json\/wp\/v2\/posts\/901\/revisions\/902"}],"wp:featuredmedia":[{"embeddable":true,"href":"https:\/\/www.baerenfunk.de\/index.php\/wp-json\/wp\/v2\/media\/892"}],"wp:attachment":[{"href":"https:\/\/www.baerenfunk.de\/index.php\/wp-json\/wp\/v2\/media?parent=901"}],"wp:term":[{"taxonomy":"category","embeddable":true,"href":"https:\/\/www.baerenfunk.de\/index.php\/wp-json\/wp\/v2\/categories?post=901"},{"taxonomy":"post_tag","embeddable":true,"href":"https:\/\/www.baerenfunk.de\/index.php\/wp-json\/wp\/v2\/tags?post=901"}],"curies":[{"name":"wp","href":"https:\/\/api.w.org\/{rel}","templated":true}]}}