{"id":886,"date":"2019-04-01T16:13:16","date_gmt":"2019-04-01T15:13:16","guid":{"rendered":"https:\/\/www.baerenfunk.de\/?p=886"},"modified":"2019-04-01T16:13:18","modified_gmt":"2019-04-01T15:13:18","slug":"auf-gehts-zum-4-funk-tag-nach-kassel","status":"publish","type":"post","link":"https:\/\/www.baerenfunk.de\/index.php\/2019\/04\/01\/auf-gehts-zum-4-funk-tag-nach-kassel\/","title":{"rendered":"Auf geht&#8217;s zum 4. FUNK.TAG nach Kassel"},"content":{"rendered":"\n<p>Dass alle guten Dinge mehr als die sprichw\u00f6rtlichen drei sind, zeigt am Samstag der vierte FUNK.TAG in Kassel. Am 6. April, von 9 bis 16 Uhr, freuen sich die Mitarbeiter der DARC-Gesch\u00e4ftsstelle auf ihre Mitglieder und alle Funkinteressierten, um ihnen die Vielfalt der Faszination Amateurfunk hautnah zu zeigen. <\/p>\n\n\n\n<p>Der &#8222;Himmelsst\u00fcrmer&#8220; der Documenta IX hier in Kassel dient zu Recht als Symbolfigur dieser Veranstaltung: Die Funkwellen aus Kassel st\u00fcrmen gen Himmel hoch zum neuen und ersten geostation\u00e4ren Satelliten &#8222;Es&#8217;hail-2&#8220;, den Funkamateure seit sechs Wochen f\u00fcr weltweite Funkverbindungen nutzen. Das ist jedoch nur eine Facette des FUNK.TAGs. Auf dem Messegel\u00e4nde und in den Messehallen gibt es eine Reihe von Schwerpunkten, die das Interesse am weltumspannenden Hobby wecken oder vertiefen sollen.<\/p>\n\n\n\n<p><strong>Technik. Amateurfunk. Gemeinschaft<\/strong>. <br>Das sind die Schlagworte der Funk-Erlebnismesse in der Mitte Deutschlands. Unter dem Schlagwort FUNK.WISSEN wurde beispielsweise ein Vortragsprogramm erarbeitet, das es in sich hat. Allen Themen voran: Der Satellitenfunk. Der H\u00f6hepunkt wird dabei die Pr\u00e4sentation des &#8222;Es&#8217;Hail-2-Projektes&#8220; sein. Zum Thema FUNK.MOBIL pr\u00e4sentieren im Freigel\u00e4nde OM und YLs ihre fahrbaren Shacks.<\/p>\n\n\n\n<p>F\u00fcr alle Wochenend-Urlauber \u00f6ffnet die Gesch\u00e4ftsstelle am Sonntag noch die T\u00fcren zum Amateurfunkzentrum &#8211; nur nach vorheriger Anmeldung. Dies ist per E-Mail an <a href=\"mailto:pressestelle@darc.de\">pressestelle@darc.de<\/a> und auf dem FUNK.TAG am Stand der Gesch\u00e4ftsstelle m\u00f6glich. Weitere Informationen auch im Internet unter <a href=\"http:\/\/www.funktag-kassel.de\">http:\/\/www.funktag-kassel.de<\/a><br><br> Wir sehen uns beim 4. FUNK.TAG in Kassel! <\/p>\n","protected":false},"excerpt":{"rendered":"<p>Wir fahren zum FUNK.TAG nach Kassel und haben f\u00fcr Freunde und Mitglieder einen Sammeltransport organisiert&#8230;<\/p>\n","protected":false},"author":1,"featured_media":888,"comment_status":"closed","ping_status":"closed","sticky":false,"template":"","format":"standard","meta":{"footnotes":""},"categories":[4],"tags":[72,71],"_links":{"self":[{"href":"https:\/\/www.baerenfunk.de\/index.php\/wp-json\/wp\/v2\/posts\/886"}],"collection":[{"href":"https:\/\/www.baerenfunk.de\/index.php\/wp-json\/wp\/v2\/posts"}],"about":[{"href":"https:\/\/www.baerenfunk.de\/index.php\/wp-json\/wp\/v2\/types\/post"}],"author":[{"embeddable":true,"href":"https:\/\/www.baerenfunk.de\/index.php\/wp-json\/wp\/v2\/users\/1"}],"replies":[{"embeddable":true,"href":"https:\/\/www.baerenfunk.de\/index.php\/wp-json\/wp\/v2\/comments?post=886"}],"version-history":[{"count":2,"href":"https:\/\/www.baerenfunk.de\/index.php\/wp-json\/wp\/v2\/posts\/886\/revisions"}],"predecessor-version":[{"id":889,"href":"https:\/\/www.baerenfunk.de\/index.php\/wp-json\/wp\/v2\/posts\/886\/revisions\/889"}],"wp:featuredmedia":[{"embeddable":true,"href":"https:\/\/www.baerenfunk.de\/index.php\/wp-json\/wp\/v2\/media\/888"}],"wp:attachment":[{"href":"https:\/\/www.baerenfunk.de\/index.php\/wp-json\/wp\/v2\/media?parent=886"}],"wp:term":[{"taxonomy":"category","embeddable":true,"href":"https:\/\/www.baerenfunk.de\/index.php\/wp-json\/wp\/v2\/categories?post=886"},{"taxonomy":"post_tag","embeddable":true,"href":"https:\/\/www.baerenfunk.de\/index.php\/wp-json\/wp\/v2\/tags?post=886"}],"curies":[{"name":"wp","href":"https:\/\/api.w.org\/{rel}","templated":true}]}}