{"id":873,"date":"2019-03-30T10:35:15","date_gmt":"2019-03-30T09:35:15","guid":{"rendered":"https:\/\/www.baerenfunk.de\/?p=873"},"modified":"2019-03-30T11:54:12","modified_gmt":"2019-03-30T10:54:12","slug":"fachberater-amateurfunk-besuchen-asb-funkleitstelle","status":"publish","type":"post","link":"https:\/\/www.baerenfunk.de\/index.php\/2019\/03\/30\/fachberater-amateurfunk-besuchen-asb-funkleitstelle\/","title":{"rendered":"Fachberater Amateurfunk besuchen ASB Funkleitstelle"},"content":{"rendered":"\n<p>Die beiden durch die Region Hannover frisch ernannten Fachberater Amateurfunk Andreas Kleiner, DG4OAE und Frank Brinkmann, DO1FRK informierten sich bei einem Besuch der im Aufbau befindlichen neuen Funkleitstelle des Arbeiter Samariter Bundes Hannover \u00fcber die dortigen Arbeiten. <\/p>\n\n\n\n<p>Der ASB Hannover kooperiert mit den Funkamateuren des DARC-Ortsverbandes H48, die OMs des Ortsverbandes unterst\u00fctzen aktiv die Integration des Amateurfunks in die Funkleitstelle. Die Kooperation n\u00fctzt beiden Verb\u00e4nden &#8211; so k\u00f6nnen die Funkamateure z.B. auf bereitstehende Notstromaggregate zur\u00fcckgreifen und der ASB erh\u00e4lt im Gegenzug Know-How und nicht mehr ben\u00f6tigte Funkger\u00e4te. Und es macht auch mal Spa\u00df \u00fcber den Tellerrand in die jeweils andere Organisationen zu schauen.  <br> &#8222;Das der Notfunk im Amateurfunk auch im Innenministerium des Landes Niedersachsen einen hohen Stellenwert genie\u00dft, zeigt ein Schreiben von Anfang M\u00e4rz an den Distrikts-Notfunkreferenten Frank Brinkmann (DO1FRK). In diesem bedankt sich das Ministerium im Auftrag des Ministers Pistorius bei allen Mitgliedern des DARC e.V. f\u00fcr das langj\u00e4hrige Engagement der Funkamateure zur Unterst\u00fctzung bei Katastrophenlagen. <br> Auch in Zukunft freut sich das Ministerium \u00fcber die Unterst\u00fctzung durch Funkamateure, begr\u00fc\u00dft diese Ausdr\u00fccklich und wird unseren Wunsch nach besserer Einbindung auch an die Beh\u00f6rden und Organisationen vor Ort weiter geben. An dem Erlass aus dem Jahre 1981, in welchem das Angebot der Zusammenarbeit der Funkamateure mit dem Katastrophenschutz in Niedersachsen angenommen wird h\u00e4lt das Ministerium auch weiterhin fest.&#8220; &#8211; dies war in den DARC Nachrichten zu lesen. Bleibt zu w\u00fcnschen, das sich mehr Ortsverb\u00e4nde des DARC e.V. an ihre satzungsgem\u00e4\u00dfe Ziele im Katastrophenschutz erinnern.<\/p>\n","protected":false},"excerpt":{"rendered":"<p>Die beiden durch die Region Hannover frisch ernannten Fachberater Amateurfunk Andreas Kleiner, DG4OAE und Frank Brinkmann, DO1FRK informierten sich bei einem Besuch der im Aufbau befindlichen neuen Funkleitstelle des Arbeiter &hellip; <\/p>\n<p class=\"link-more\"><a href=\"https:\/\/www.baerenfunk.de\/index.php\/2019\/03\/30\/fachberater-amateurfunk-besuchen-asb-funkleitstelle\/\" class=\"more-link\"><span class=\"screen-reader-text\">\u201eFachberater Amateurfunk besuchen ASB Funkleitstelle\u201c<\/span> weiterlesen<\/a><\/p>\n","protected":false},"author":1,"featured_media":882,"comment_status":"closed","ping_status":"closed","sticky":false,"template":"","format":"standard","meta":{"footnotes":""},"categories":[5],"tags":[7,67,66,18],"_links":{"self":[{"href":"https:\/\/www.baerenfunk.de\/index.php\/wp-json\/wp\/v2\/posts\/873"}],"collection":[{"href":"https:\/\/www.baerenfunk.de\/index.php\/wp-json\/wp\/v2\/posts"}],"about":[{"href":"https:\/\/www.baerenfunk.de\/index.php\/wp-json\/wp\/v2\/types\/post"}],"author":[{"embeddable":true,"href":"https:\/\/www.baerenfunk.de\/index.php\/wp-json\/wp\/v2\/users\/1"}],"replies":[{"embeddable":true,"href":"https:\/\/www.baerenfunk.de\/index.php\/wp-json\/wp\/v2\/comments?post=873"}],"version-history":[{"count":2,"href":"https:\/\/www.baerenfunk.de\/index.php\/wp-json\/wp\/v2\/posts\/873\/revisions"}],"predecessor-version":[{"id":883,"href":"https:\/\/www.baerenfunk.de\/index.php\/wp-json\/wp\/v2\/posts\/873\/revisions\/883"}],"wp:featuredmedia":[{"embeddable":true,"href":"https:\/\/www.baerenfunk.de\/index.php\/wp-json\/wp\/v2\/media\/882"}],"wp:attachment":[{"href":"https:\/\/www.baerenfunk.de\/index.php\/wp-json\/wp\/v2\/media?parent=873"}],"wp:term":[{"taxonomy":"category","embeddable":true,"href":"https:\/\/www.baerenfunk.de\/index.php\/wp-json\/wp\/v2\/categories?post=873"},{"taxonomy":"post_tag","embeddable":true,"href":"https:\/\/www.baerenfunk.de\/index.php\/wp-json\/wp\/v2\/tags?post=873"}],"curies":[{"name":"wp","href":"https:\/\/api.w.org\/{rel}","templated":true}]}}