{"id":867,"date":"2019-03-22T19:00:11","date_gmt":"2019-03-22T18:00:11","guid":{"rendered":"https:\/\/www.baerenfunk.de\/?p=867"},"modified":"2019-03-22T19:03:19","modified_gmt":"2019-03-22T18:03:19","slug":"drk-region-hannover-kooperiert-mit-notfunkreferat","status":"publish","type":"post","link":"https:\/\/www.baerenfunk.de\/index.php\/2019\/03\/22\/drk-region-hannover-kooperiert-mit-notfunkreferat\/","title":{"rendered":"DRK Region Hannover kooperiert mit Notfunkreferat"},"content":{"rendered":"\n<p>Der Notfunkreferent des DARC Distrikts Niedersachsen,  Frank, DO1FRK berichtet:: <em>&#8222;Seit gestern (21.03.2019, Anm. der Red.) ist nun auch das DRK der Region Hannover unser  Partner in Sachen Notfunk. Durch die zahlreichen Standorte (KatS+RD) wird es f\u00fcr uns hier einiges zu tun geben, um dieses zumindest &#8222;vorzur\u00fcsten&#8220; (Antenne, Kabel) oder einige gar komplett auszustatten. (FM, KW, HAMNET)&#8230; es bleibt spannend.&#8220;<\/em><\/p>\n\n\n\n<p>Nun entwickeln sich also auch in der Region weitere Kooperationen zwischen Organisationen des Katastrophenschutzes\/der Rettungsdienste und dem Amateurfunkdienst und es werden Funkleitstellen mit Amateurfunkger\u00e4ten ausger\u00fcstet.<\/p>\n\n\n\n<p>Wirklich spannend bleibt die Frage, wann sich in der Stadt Hannover etwas in dieser Richtung tut und die Funkleitzentrale der Feuerwehr in die Lage versetzt wird, im Fall des Falles die M\u00f6glichkeiten des Amateurfunkdienstes angefangen von der FM-Relaiskommunikation \u00fcber HAMNET bis hin zum Funk \u00fcber Satellit zu nutzen.<\/p>\n\n\n\n<p>Vielleicht sollten die Verantwortlichen einmal den hervorragen recherchierten Roman &#8222;<strong>BLACKOUT &#8211; Morgen ist es zu sp\u00e4t<\/strong>&#8220; von Marc Elsberg lesen&#8230;<\/p>\n","protected":false},"excerpt":{"rendered":"<p>Der Notfunkreferent des DARC Distrikts Niedersachsen, Frank, DO1FRK berichtet:: &#8222;Seit gestern (21.03.2019, Anm. der Red.) ist nun auch das DRK der Region Hannover unser Partner in Sachen Notfunk. Durch die &hellip; <\/p>\n<p class=\"link-more\"><a href=\"https:\/\/www.baerenfunk.de\/index.php\/2019\/03\/22\/drk-region-hannover-kooperiert-mit-notfunkreferat\/\" class=\"more-link\"><span class=\"screen-reader-text\">\u201eDRK Region Hannover kooperiert mit Notfunkreferat\u201c<\/span> weiterlesen<\/a><\/p>\n","protected":false},"author":1,"featured_media":0,"comment_status":"closed","ping_status":"closed","sticky":false,"template":"","format":"standard","meta":{"footnotes":""},"categories":[5],"tags":[18],"_links":{"self":[{"href":"https:\/\/www.baerenfunk.de\/index.php\/wp-json\/wp\/v2\/posts\/867"}],"collection":[{"href":"https:\/\/www.baerenfunk.de\/index.php\/wp-json\/wp\/v2\/posts"}],"about":[{"href":"https:\/\/www.baerenfunk.de\/index.php\/wp-json\/wp\/v2\/types\/post"}],"author":[{"embeddable":true,"href":"https:\/\/www.baerenfunk.de\/index.php\/wp-json\/wp\/v2\/users\/1"}],"replies":[{"embeddable":true,"href":"https:\/\/www.baerenfunk.de\/index.php\/wp-json\/wp\/v2\/comments?post=867"}],"version-history":[{"count":3,"href":"https:\/\/www.baerenfunk.de\/index.php\/wp-json\/wp\/v2\/posts\/867\/revisions"}],"predecessor-version":[{"id":870,"href":"https:\/\/www.baerenfunk.de\/index.php\/wp-json\/wp\/v2\/posts\/867\/revisions\/870"}],"wp:attachment":[{"href":"https:\/\/www.baerenfunk.de\/index.php\/wp-json\/wp\/v2\/media?parent=867"}],"wp:term":[{"taxonomy":"category","embeddable":true,"href":"https:\/\/www.baerenfunk.de\/index.php\/wp-json\/wp\/v2\/categories?post=867"},{"taxonomy":"post_tag","embeddable":true,"href":"https:\/\/www.baerenfunk.de\/index.php\/wp-json\/wp\/v2\/tags?post=867"}],"curies":[{"name":"wp","href":"https:\/\/api.w.org\/{rel}","templated":true}]}}