{"id":853,"date":"2019-03-19T17:06:37","date_gmt":"2019-03-19T16:06:37","guid":{"rendered":"https:\/\/www.baerenfunk.de\/?p=853"},"modified":"2019-03-21T21:26:47","modified_gmt":"2019-03-21T20:26:47","slug":"region-benennt-fachberater-amateurfunk","status":"publish","type":"post","link":"https:\/\/www.baerenfunk.de\/index.php\/2019\/03\/19\/region-benennt-fachberater-amateurfunk\/","title":{"rendered":"Region benennt Fachberater Amateurfunk"},"content":{"rendered":"\n<p>Der Katastophenschutz der Region ernennt Fachberater Amateurfunk. <br>Frank Brinkmann (DO1FRK) sowie Andreas Kleiner (DG4OAE) wurden durch die Region Hannover zum &#8222;Fachberater Amateurfunk&#8220; im Katastrophenschutz der Region Hannover ernannt. Damit werden beide zuk\u00fcnftig dem Krisenstab der Region bei Fragen zum Thema Amateurfunk und dessen Nutzung im Katastrophenfall zur Verf\u00fcgung stehen. <\/p>\n\n\n\n<p>Das der Notfunk im Amateurfunk auch im Innenministerium des Landes Niedersachsen einen hohen Stellenwert genie\u00dft, zeigt ein Schreiben von Anfang M\u00e4rz an den Distrikts Notfunkreferenten Frank Brinkmann (DO1FRK). In diesem bedankt sich das Ministerium im Auftrag des Ministers Pistorius bei allen Mitgliedern des DARC e.V. f\u00fcr das langj\u00e4hrige Engagement der Funkamateure zur Unterst\u00fctzung bei Katastrophenlagen. <\/p>\n\n\n\n<p>Auch in Zukunft freut sich das Ministerium \u00fcber die Unterst\u00fctzung durch Funkamateure, begr\u00fc\u00dft diese Ausdr\u00fccklich und wird unseren Wunsch nach besserer Einbindung auch an die Beh\u00f6rden und Organisationen vor Ort weiter geben. <br>An dem Erlass aus dem Jahre 1981, in welchem das Angebot der Zusammenarbeit der Funkamateure mit dem Katastrophenschutz in Niedersachsen angenommen wird h\u00e4lt das Ministerium auch weiterhin fest<br><\/p>\n","protected":false},"excerpt":{"rendered":"<p>Der Katastophenschutz der Region ernennt Fachberater Amateurfunk. Frank Brinkmann (DO1FRK) sowie Andreas Kleiner (DG4OAE) wurden durch die Region Hannover zum &#8222;Fachberater Amateurfunk&#8220; im Katastrophenschutz der Region Hannover ernannt. Damit werden &hellip; <\/p>\n<p class=\"link-more\"><a href=\"https:\/\/www.baerenfunk.de\/index.php\/2019\/03\/19\/region-benennt-fachberater-amateurfunk\/\" class=\"more-link\"><span class=\"screen-reader-text\">\u201eRegion benennt Fachberater Amateurfunk\u201c<\/span> weiterlesen<\/a><\/p>\n","protected":false},"author":1,"featured_media":0,"comment_status":"closed","ping_status":"closed","sticky":false,"template":"","format":"standard","meta":{"footnotes":""},"categories":[5],"tags":[],"_links":{"self":[{"href":"https:\/\/www.baerenfunk.de\/index.php\/wp-json\/wp\/v2\/posts\/853"}],"collection":[{"href":"https:\/\/www.baerenfunk.de\/index.php\/wp-json\/wp\/v2\/posts"}],"about":[{"href":"https:\/\/www.baerenfunk.de\/index.php\/wp-json\/wp\/v2\/types\/post"}],"author":[{"embeddable":true,"href":"https:\/\/www.baerenfunk.de\/index.php\/wp-json\/wp\/v2\/users\/1"}],"replies":[{"embeddable":true,"href":"https:\/\/www.baerenfunk.de\/index.php\/wp-json\/wp\/v2\/comments?post=853"}],"version-history":[{"count":2,"href":"https:\/\/www.baerenfunk.de\/index.php\/wp-json\/wp\/v2\/posts\/853\/revisions"}],"predecessor-version":[{"id":866,"href":"https:\/\/www.baerenfunk.de\/index.php\/wp-json\/wp\/v2\/posts\/853\/revisions\/866"}],"wp:attachment":[{"href":"https:\/\/www.baerenfunk.de\/index.php\/wp-json\/wp\/v2\/media?parent=853"}],"wp:term":[{"taxonomy":"category","embeddable":true,"href":"https:\/\/www.baerenfunk.de\/index.php\/wp-json\/wp\/v2\/categories?post=853"},{"taxonomy":"post_tag","embeddable":true,"href":"https:\/\/www.baerenfunk.de\/index.php\/wp-json\/wp\/v2\/tags?post=853"}],"curies":[{"name":"wp","href":"https:\/\/api.w.org\/{rel}","templated":true}]}}