{"id":605,"date":"2019-01-27T17:29:11","date_gmt":"2019-01-27T16:29:11","guid":{"rendered":"https:\/\/www.baerenfunk.de\/?p=605"},"modified":"2019-08-01T09:55:53","modified_gmt":"2019-08-01T08:55:53","slug":"828-khz-waehrend-der-maker-faire-2019","status":"publish","type":"post","link":"https:\/\/www.baerenfunk.de\/index.php\/2019\/01\/27\/828-khz-waehrend-der-maker-faire-2019\/","title":{"rendered":"828 kHz w\u00e4hrend der Maker Faire 2019"},"content":{"rendered":"\n<p>Der OV H13 meldet im Rundspruch von DL0HV:<br>&#8222;Nachdem der Heise-Verlag bzw. das Make-Magazin zugesagt hat, die nicht unerheblichen Kosten f\u00fcr die Genehmigungen f\u00fcr einen \u201eVeranstaltungsrundfunk\u201c w\u00e4hrend der diesj\u00e4hrigen Maker Faire zu \u00fcbernehmen, steht nun fest, dass ein paar sehr aktive OMs die \u201ealte\u201c Mittelwellenfrequenz 828 kHz aktivieren werden. Auf der 828 kHz wurde bis Anfang Januar 2015 das Programm von \u201eNDR-Info spezial\u201c aus Hemmingen abgestrahlt. Daran kn\u00fcpfen wir mit der Aktivierung dieser QRG an. Die Genehmigungen seitens der Landesmedienanstalt Niedersachsen und der BNetzA werden nun zeitnah beantragt. <br>Aus Vorgespr\u00e4chen ging hervor, dass diese Genehmigungen auch erteilt werden. Wer Spa\u00df an der Sache hat, ist aufgerufen, uns bei der Programmgestaltung zu unterst\u00fctzen. Schlie\u00dflich soll w\u00e4hrend der gesamten \u00d6ffnungszeiten der Faire ein l\u00fcckenloses Programm angeboten werden. <br>Es wird Vorbereitungstreffen geben, bei denen jeder Interessierte teilnehmen kann. Wir berichten weiter. <br>Die Maker Faire wird am Wochenende 17.\/18. August 2018 auf dem Gel\u00e4nde des HCC (Hannoversches Congress Centrum) durchgef\u00fchrt. Der \u201eSchulvormittag\u201c am Freitag vorher entf\u00e4llt.&#8220;  <br>Quelle: Lokalrundspruch von DL0HV<\/p>\n","protected":false},"excerpt":{"rendered":"<p>Der OV H13 meldet im Rundspruch von DL0HV:&#8222;Nachdem der Heise-Verlag bzw. das Make-Magazin zugesagt hat, die nicht unerheblichen Kosten f\u00fcr die Genehmigungen f\u00fcr einen \u201eVeranstaltungsrundfunk\u201c w\u00e4hrend der diesj\u00e4hrigen Maker Faire &hellip; <\/p>\n<p class=\"link-more\"><a href=\"https:\/\/www.baerenfunk.de\/index.php\/2019\/01\/27\/828-khz-waehrend-der-maker-faire-2019\/\" class=\"more-link\"><span class=\"screen-reader-text\">\u201e828 kHz w\u00e4hrend der Maker Faire 2019\u201c<\/span> weiterlesen<\/a><\/p>\n","protected":false},"author":1,"featured_media":0,"comment_status":"closed","ping_status":"closed","sticky":false,"template":"","format":"standard","meta":{"footnotes":""},"categories":[3],"tags":[],"_links":{"self":[{"href":"https:\/\/www.baerenfunk.de\/index.php\/wp-json\/wp\/v2\/posts\/605"}],"collection":[{"href":"https:\/\/www.baerenfunk.de\/index.php\/wp-json\/wp\/v2\/posts"}],"about":[{"href":"https:\/\/www.baerenfunk.de\/index.php\/wp-json\/wp\/v2\/types\/post"}],"author":[{"embeddable":true,"href":"https:\/\/www.baerenfunk.de\/index.php\/wp-json\/wp\/v2\/users\/1"}],"replies":[{"embeddable":true,"href":"https:\/\/www.baerenfunk.de\/index.php\/wp-json\/wp\/v2\/comments?post=605"}],"version-history":[{"count":6,"href":"https:\/\/www.baerenfunk.de\/index.php\/wp-json\/wp\/v2\/posts\/605\/revisions"}],"predecessor-version":[{"id":976,"href":"https:\/\/www.baerenfunk.de\/index.php\/wp-json\/wp\/v2\/posts\/605\/revisions\/976"}],"wp:attachment":[{"href":"https:\/\/www.baerenfunk.de\/index.php\/wp-json\/wp\/v2\/media?parent=605"}],"wp:term":[{"taxonomy":"category","embeddable":true,"href":"https:\/\/www.baerenfunk.de\/index.php\/wp-json\/wp\/v2\/categories?post=605"},{"taxonomy":"post_tag","embeddable":true,"href":"https:\/\/www.baerenfunk.de\/index.php\/wp-json\/wp\/v2\/tags?post=605"}],"curies":[{"name":"wp","href":"https:\/\/api.w.org\/{rel}","templated":true}]}}