{"id":578,"date":"2019-01-19T15:19:12","date_gmt":"2019-01-19T14:19:12","guid":{"rendered":"https:\/\/www.baerenfunk.de\/?p=578"},"modified":"2019-01-19T15:19:38","modified_gmt":"2019-01-19T14:19:38","slug":"arbeiten-auf-der-gruenflaeche","status":"publish","type":"post","link":"https:\/\/www.baerenfunk.de\/index.php\/2019\/01\/19\/arbeiten-auf-der-gruenflaeche\/","title":{"rendered":"Arbeiten auf der Gr\u00fcnfl\u00e4che"},"content":{"rendered":"\n<p><strong>Arbeiten auf der Gr\u00fcnfl\u00e4che<\/strong><br>Stefan, DO7OZ teile mit, das derzeit das Gr\u00fcnfl\u00e4chenamt die j\u00e4hrlichen Arbeiten auf der Gr\u00fcnfl\u00e4che und im Geh\u00f6lz am Container vornimmt. Unsere M\u00f6glichkeiten zum Antennenbau f\u00fcr den 160 Meter Contest CW sind daher leicht eingeschr\u00e4nkt,  da ein weiterer Einsatz des Gr\u00fcnfl\u00e4chenamtes in den n\u00e4chsten 14 Tagen stattfinden wird.<br><\/p>\n","protected":false},"excerpt":{"rendered":"<p>Arbeiten auf der Gr\u00fcnfl\u00e4cheStefan, DO7OZ teile mit, das derzeit das Gr\u00fcnfl\u00e4chenamt die j\u00e4hrlichen Arbeiten auf der Gr\u00fcnfl\u00e4che und im Geh\u00f6lz am Container vornimmt. Unsere M\u00f6glichkeiten zum Antennenbau f\u00fcr den 160 &hellip; <\/p>\n<p class=\"link-more\"><a href=\"https:\/\/www.baerenfunk.de\/index.php\/2019\/01\/19\/arbeiten-auf-der-gruenflaeche\/\" class=\"more-link\"><span class=\"screen-reader-text\">\u201eArbeiten auf der Gr\u00fcnfl\u00e4che\u201c<\/span> weiterlesen<\/a><\/p>\n","protected":false},"author":1,"featured_media":0,"comment_status":"closed","ping_status":"closed","sticky":false,"template":"","format":"aside","meta":{"footnotes":""},"categories":[3],"tags":[],"_links":{"self":[{"href":"https:\/\/www.baerenfunk.de\/index.php\/wp-json\/wp\/v2\/posts\/578"}],"collection":[{"href":"https:\/\/www.baerenfunk.de\/index.php\/wp-json\/wp\/v2\/posts"}],"about":[{"href":"https:\/\/www.baerenfunk.de\/index.php\/wp-json\/wp\/v2\/types\/post"}],"author":[{"embeddable":true,"href":"https:\/\/www.baerenfunk.de\/index.php\/wp-json\/wp\/v2\/users\/1"}],"replies":[{"embeddable":true,"href":"https:\/\/www.baerenfunk.de\/index.php\/wp-json\/wp\/v2\/comments?post=578"}],"version-history":[{"count":2,"href":"https:\/\/www.baerenfunk.de\/index.php\/wp-json\/wp\/v2\/posts\/578\/revisions"}],"predecessor-version":[{"id":580,"href":"https:\/\/www.baerenfunk.de\/index.php\/wp-json\/wp\/v2\/posts\/578\/revisions\/580"}],"wp:attachment":[{"href":"https:\/\/www.baerenfunk.de\/index.php\/wp-json\/wp\/v2\/media?parent=578"}],"wp:term":[{"taxonomy":"category","embeddable":true,"href":"https:\/\/www.baerenfunk.de\/index.php\/wp-json\/wp\/v2\/categories?post=578"},{"taxonomy":"post_tag","embeddable":true,"href":"https:\/\/www.baerenfunk.de\/index.php\/wp-json\/wp\/v2\/tags?post=578"}],"curies":[{"name":"wp","href":"https:\/\/api.w.org\/{rel}","templated":true}]}}