{"id":559,"date":"2019-01-10T09:28:27","date_gmt":"2019-01-10T08:28:27","guid":{"rendered":"https:\/\/www.baerenfunk.de\/?p=559"},"modified":"2019-11-15T12:43:43","modified_gmt":"2019-11-15T11:43:43","slug":"bericht-januar-ov-abend","status":"publish","type":"post","link":"https:\/\/www.baerenfunk.de\/index.php\/2019\/01\/10\/bericht-januar-ov-abend\/","title":{"rendered":"Bericht Januar OV-Abend"},"content":{"rendered":"\n<p><strong>Jahresplanung 2019<\/strong><br> Wir hatten mit mehr als 2\/3 unserer Mitglieder auf dem OV-Abend ein gute Basis, um die kommenden 11 Monate Revue passieren zu lassen und zu schauen, welche M\u00f6glichkeiten und Herausforderungen es f\u00fcr gemeinsame Aktivit\u00e4ten gibt. Dabei wurde schnell deutlich &#8211; M\u00f6glichkeiten gibt es viele und wir m\u00fcssen uns entscheiden, was wir letztendlich umsetzen k\u00f6nnen und was nicht. Damit f\u00fcr alle die gemeinsame Gesamtsicht auf die Termine m\u00f6glich ist gibt es f\u00fcr alle Ortsverbandsmitglieder und Freunde und F\u00f6rderer in den n\u00e4chsten Tagen eine Mail mit einem Link auf die Ansicht des auf dem OV-Abend gezeigten Planungskalenders. In den n\u00e4chsten Wochen wird sich verdichten, was wir realistisch an gemeinsamen Aktivit\u00e4ten umsetzen k\u00f6nnen und wer sich dann um die Umsetzung\/Koordination k\u00fcmmert. Diese Veranstaltungen\/Termine werden dann in den Veranstaltungskalender auf der Website aufgenommen, bei manchen Veranstaltungen\/Terminen gibt es dann die M\u00f6glichkeit, sich verbindlich anzumelden.<\/p>\n\n\n\n<p><strong>Gemeinsame Fahrt zum Funktag Kassel am 6. April<\/strong><br> \u00dcber den ASB Stadtverband haben wir die M\u00f6glichkeit, eine gemeinsame Fahrt zum Funktag in Kassel anzubieten. Die Kosten werden bei ca. 16 Euro liegen, darin ist eine einj\u00e4hrige Mitgliedschaft beim ASB enthalten &#8211; damit sind die Teilnehmer der Fahrt auch versichert, der Rest ist Spritgeld. Anmeldungen f\u00fcr diese Fahrt sind ab demn\u00e4chst auf unserer Website m\u00f6glich.<\/p>\n\n\n\n<p><strong>Jahreshauptversammlung<\/strong><br> Die diesj\u00e4hrige Jahreshauptversammlung (ohne Wahlen) findet am Mittwoch, den 13. M\u00e4rz 2019 statt.<\/p>\n\n\n\n<p><strong>Antennenbau bei DL0TY<\/strong><br> Stefan, DO7OZ baut derzeit bei DL0TY eine Antenne f\u00fcr 160 Meter auf. Vom 25.01.2019 bis zum 27.01.2019 ist der CQ WW 160 Meter CW Contest &#8211; DF1OE beabsichtigt eine Teilnahme vom Berg aus, vielleicht ist dann das neue Contest-Rufzeichen f\u00fcr den Ortsverband bereits erteilt. Im Februar ist dann der SSB-Teil dieses Wettbewerbs &#8211; hier sind Eugen, DL5UHR und Tom, DL9OBD in der Planung des Betriebes von einem anderen Standort aus.<\/p>\n\n\n\n<p><strong>Doktorsee-Wochenende<\/strong><br> Das Wochenende findet vom 06.09 2019 bis zum 08.09.2019 am Doktorsee statt. Dar\u00fcberhinaus wurde diskutiert, ob wir noch einen Ersatz f\u00fcr das Treffen in Binder hinbekommen.<\/p>\n\n\n\n<p><strong>Pocsac-Empf\u00e4nger<\/strong><br> Hier hat sich noch nichts Neues getan &#8211; in den n\u00e4chsten Tagen nehme ich Kontakt mit den Alphapoc-Leuten f\u00fcr eine Sammelbestellung auf, alles weitere dann per Email.<\/p>\n\n\n\n<p><\/p>\n","protected":false},"excerpt":{"rendered":"<p>Jahresplanung 2019 Wir hatten mit mehr als 2\/3 unserer Mitglieder auf dem OV-Abend ein gute Basis, um die kommenden 11 Monate Revue passieren zu lassen und zu schauen, welche M\u00f6glichkeiten &hellip; <\/p>\n<p class=\"link-more\"><a href=\"https:\/\/www.baerenfunk.de\/index.php\/2019\/01\/10\/bericht-januar-ov-abend\/\" class=\"more-link\"><span class=\"screen-reader-text\">\u201eBericht Januar OV-Abend\u201c<\/span> weiterlesen<\/a><\/p>\n","protected":false},"author":1,"featured_media":0,"comment_status":"closed","ping_status":"closed","sticky":false,"template":"","format":"standard","meta":{"footnotes":""},"categories":[75],"tags":[],"_links":{"self":[{"href":"https:\/\/www.baerenfunk.de\/index.php\/wp-json\/wp\/v2\/posts\/559"}],"collection":[{"href":"https:\/\/www.baerenfunk.de\/index.php\/wp-json\/wp\/v2\/posts"}],"about":[{"href":"https:\/\/www.baerenfunk.de\/index.php\/wp-json\/wp\/v2\/types\/post"}],"author":[{"embeddable":true,"href":"https:\/\/www.baerenfunk.de\/index.php\/wp-json\/wp\/v2\/users\/1"}],"replies":[{"embeddable":true,"href":"https:\/\/www.baerenfunk.de\/index.php\/wp-json\/wp\/v2\/comments?post=559"}],"version-history":[{"count":1,"href":"https:\/\/www.baerenfunk.de\/index.php\/wp-json\/wp\/v2\/posts\/559\/revisions"}],"predecessor-version":[{"id":560,"href":"https:\/\/www.baerenfunk.de\/index.php\/wp-json\/wp\/v2\/posts\/559\/revisions\/560"}],"wp:attachment":[{"href":"https:\/\/www.baerenfunk.de\/index.php\/wp-json\/wp\/v2\/media?parent=559"}],"wp:term":[{"taxonomy":"category","embeddable":true,"href":"https:\/\/www.baerenfunk.de\/index.php\/wp-json\/wp\/v2\/categories?post=559"},{"taxonomy":"post_tag","embeddable":true,"href":"https:\/\/www.baerenfunk.de\/index.php\/wp-json\/wp\/v2\/tags?post=559"}],"curies":[{"name":"wp","href":"https:\/\/api.w.org\/{rel}","templated":true}]}}