{"id":432,"date":"2019-01-02T21:18:34","date_gmt":"2019-01-02T20:18:34","guid":{"rendered":"https:\/\/www.baerenfunk.de\/?p=432"},"modified":"2019-01-02T22:03:53","modified_gmt":"2019-01-02T21:03:53","slug":"inventur-des-notfunk-anhaengers","status":"publish","type":"post","link":"https:\/\/www.baerenfunk.de\/index.php\/2019\/01\/02\/inventur-des-notfunk-anhaengers\/","title":{"rendered":"Inventur des Notfunk-Anh\u00e4ngers"},"content":{"rendered":"\n<p>Aus der Kooperation zwischen ASB Hannover und dem DARC e.V. Ortsverband H48  ist ein Funkanh\u00e4nger entstanden, der es erm\u00f6glichen soll, aus dem Stand heraus eine Kommunikationszentrale f\u00fcr BOS-Funk und Amateurfunk zu errichten. Eine erste Materialsichtung findet am 04.01.2019 statt . Wer Interesse hat, dabei zu sein sollte sich <a href=\"https:\/\/www.baerenfunk.de\/index.php\/event\/wrtc-funkanhaenger-inventur\/\">hier<\/a> anmelden.<\/p>\n","protected":false},"excerpt":{"rendered":"<p>Aus der Kooperation zwischen ASB Hannover und dem DARC e.V. Ortsverband H48 ist ein Funkanh\u00e4nger entstanden, der es erm\u00f6glichen soll, aus dem Stand heraus eine Kommunikationszentrale f\u00fcr BOS-Funk und Amateurfunk &hellip; <\/p>\n<p class=\"link-more\"><a href=\"https:\/\/www.baerenfunk.de\/index.php\/2019\/01\/02\/inventur-des-notfunk-anhaengers\/\" class=\"more-link\"><span class=\"screen-reader-text\">\u201eInventur des Notfunk-Anh\u00e4ngers\u201c<\/span> weiterlesen<\/a><\/p>\n","protected":false},"author":1,"featured_media":253,"comment_status":"closed","ping_status":"closed","sticky":false,"template":"","format":"aside","meta":{"footnotes":""},"categories":[5],"tags":[],"_links":{"self":[{"href":"https:\/\/www.baerenfunk.de\/index.php\/wp-json\/wp\/v2\/posts\/432"}],"collection":[{"href":"https:\/\/www.baerenfunk.de\/index.php\/wp-json\/wp\/v2\/posts"}],"about":[{"href":"https:\/\/www.baerenfunk.de\/index.php\/wp-json\/wp\/v2\/types\/post"}],"author":[{"embeddable":true,"href":"https:\/\/www.baerenfunk.de\/index.php\/wp-json\/wp\/v2\/users\/1"}],"replies":[{"embeddable":true,"href":"https:\/\/www.baerenfunk.de\/index.php\/wp-json\/wp\/v2\/comments?post=432"}],"version-history":[{"count":3,"href":"https:\/\/www.baerenfunk.de\/index.php\/wp-json\/wp\/v2\/posts\/432\/revisions"}],"predecessor-version":[{"id":447,"href":"https:\/\/www.baerenfunk.de\/index.php\/wp-json\/wp\/v2\/posts\/432\/revisions\/447"}],"wp:featuredmedia":[{"embeddable":true,"href":"https:\/\/www.baerenfunk.de\/index.php\/wp-json\/wp\/v2\/media\/253"}],"wp:attachment":[{"href":"https:\/\/www.baerenfunk.de\/index.php\/wp-json\/wp\/v2\/media?parent=432"}],"wp:term":[{"taxonomy":"category","embeddable":true,"href":"https:\/\/www.baerenfunk.de\/index.php\/wp-json\/wp\/v2\/categories?post=432"},{"taxonomy":"post_tag","embeddable":true,"href":"https:\/\/www.baerenfunk.de\/index.php\/wp-json\/wp\/v2\/tags?post=432"}],"curies":[{"name":"wp","href":"https:\/\/api.w.org\/{rel}","templated":true}]}}