{"id":429,"date":"2019-01-02T21:09:55","date_gmt":"2019-01-02T20:09:55","guid":{"rendered":"https:\/\/www.baerenfunk.de\/?p=429"},"modified":"2019-03-10T16:01:02","modified_gmt":"2019-03-10T15:01:02","slug":"neues-internet-forum-fuer-amateurfunk-in-der-region","status":"publish","type":"post","link":"https:\/\/www.baerenfunk.de\/index.php\/2019\/01\/02\/neues-internet-forum-fuer-amateurfunk-in-der-region\/","title":{"rendered":"Neues Internet-Forum f\u00fcr Amateurfunk in der Region"},"content":{"rendered":"\n<p>Achim, DL9OAC betreibt ein neues Internet-Forum f\u00fcr Funkamateure in der Region Hannover.  Das Forum bietet die Themen &#8222;Biete&#8220;, &#8222;Suche&#8220;, eine Tauschb\u00f6rse, eine Veranstaltungs\u00fcbersicht und viele weitere M\u00f6glichkeiten.<br>Im Moment sammelt Achim noch R\u00fcckmeldungen zum neuen Forum.<\/p>\n\n\n\n<figure class=\"wp-block-image\"><img loading=\"lazy\" decoding=\"async\" width=\"1024\" height=\"557\" src=\"https:\/\/www.baerenfunk.de\/wp-content\/uploads\/2019\/01\/dl9oac-forum-1024x557.jpg\" alt=\"\" class=\"wp-image-430\" srcset=\"https:\/\/www.baerenfunk.de\/wp-content\/uploads\/2019\/01\/dl9oac-forum-1024x557.jpg 1024w, https:\/\/www.baerenfunk.de\/wp-content\/uploads\/2019\/01\/dl9oac-forum-300x163.jpg 300w, https:\/\/www.baerenfunk.de\/wp-content\/uploads\/2019\/01\/dl9oac-forum-768x418.jpg 768w, https:\/\/www.baerenfunk.de\/wp-content\/uploads\/2019\/01\/dl9oac-forum.jpg 1174w\" sizes=\"(max-width: 767px) 89vw, (max-width: 1000px) 54vw, (max-width: 1071px) 543px, 580px\" \/><\/figure>\n\n\n\n<p><br>Hier der Link zum Forum:<br><br><a href=\"http:\/\/www.dl9oac.de\/afu\/\" target=\"_blank\" rel=\"noreferrer noopener\" aria-label=\"http:\/\/www.dl9oac.de\/afu\/ (\u00f6ffnet in neuem Tab)\">http:\/\/www.dl9oac.de\/afu\/<\/a><br><br><\/p>\n","protected":false},"excerpt":{"rendered":"<p>Achim, DL9OAC betreibt ein neues Internet-Forum f\u00fcr Funkamateure in der Region Hannover. Das Forum bietet die Themen &#8222;Biete&#8220;, &#8222;Suche&#8220;, eine Tauschb\u00f6rse, eine Veranstaltungs\u00fcbersicht und viele weitere M\u00f6glichkeiten.Im Moment sammelt Achim &hellip; <\/p>\n<p class=\"link-more\"><a href=\"https:\/\/www.baerenfunk.de\/index.php\/2019\/01\/02\/neues-internet-forum-fuer-amateurfunk-in-der-region\/\" class=\"more-link\"><span class=\"screen-reader-text\">\u201eNeues Internet-Forum f\u00fcr Amateurfunk in der Region\u201c<\/span> weiterlesen<\/a><\/p>\n","protected":false},"author":1,"featured_media":0,"comment_status":"closed","ping_status":"closed","sticky":false,"template":"","format":"standard","meta":{"footnotes":""},"categories":[4],"tags":[58,35],"_links":{"self":[{"href":"https:\/\/www.baerenfunk.de\/index.php\/wp-json\/wp\/v2\/posts\/429"}],"collection":[{"href":"https:\/\/www.baerenfunk.de\/index.php\/wp-json\/wp\/v2\/posts"}],"about":[{"href":"https:\/\/www.baerenfunk.de\/index.php\/wp-json\/wp\/v2\/types\/post"}],"author":[{"embeddable":true,"href":"https:\/\/www.baerenfunk.de\/index.php\/wp-json\/wp\/v2\/users\/1"}],"replies":[{"embeddable":true,"href":"https:\/\/www.baerenfunk.de\/index.php\/wp-json\/wp\/v2\/comments?post=429"}],"version-history":[{"count":3,"href":"https:\/\/www.baerenfunk.de\/index.php\/wp-json\/wp\/v2\/posts\/429\/revisions"}],"predecessor-version":[{"id":443,"href":"https:\/\/www.baerenfunk.de\/index.php\/wp-json\/wp\/v2\/posts\/429\/revisions\/443"}],"wp:attachment":[{"href":"https:\/\/www.baerenfunk.de\/index.php\/wp-json\/wp\/v2\/media?parent=429"}],"wp:term":[{"taxonomy":"category","embeddable":true,"href":"https:\/\/www.baerenfunk.de\/index.php\/wp-json\/wp\/v2\/categories?post=429"},{"taxonomy":"post_tag","embeddable":true,"href":"https:\/\/www.baerenfunk.de\/index.php\/wp-json\/wp\/v2\/tags?post=429"}],"curies":[{"name":"wp","href":"https:\/\/api.w.org\/{rel}","templated":true}]}}