{"id":316,"date":"2018-12-19T19:26:15","date_gmt":"2018-12-19T18:26:15","guid":{"rendered":"http:\/\/www.baerenfunk.de\/?p=316"},"modified":"2018-12-19T19:26:15","modified_gmt":"2018-12-19T18:26:15","slug":"duldung-fuer-doler-von-24ghz-5ghz-verlaengert","status":"publish","type":"post","link":"https:\/\/www.baerenfunk.de\/index.php\/2018\/12\/19\/duldung-fuer-doler-von-24ghz-5ghz-verlaengert\/","title":{"rendered":"Duldung f\u00fcr DOler von 2,4Ghz &#038; 5Ghz verl\u00e4ngert"},"content":{"rendered":"<p><em><strong> <span class=\"fontstyle0\">Mitteilung Nr. 695\/2017, ge\u00e4ndert durch Mitteilung Nr. 415\/2018<\/span><\/strong><\/em><\/p>\n<p><span class=\"fontstyle0\">Nutzung der Frequenzbereiche 2320 \u2013 2450 MHz und 5650 \u2013 5850 MHz durch Inhaber einer Zulassung zur Teilnahme am Amateurfunkdienst der <strong>Klasse E<\/strong><br \/>\n<\/span><span class=\"fontstyle2\">Im Hinblick, darauf, dass das HAMNET zunehmend ausgebaut wird und das Packet-Radio Netz r\u00fcckl\u00e4ufig und mittlerweile nicht mehr fl\u00e4chendeckend nutzbar ist, wird hiermit, um auch\u00a0Funkamateuren mit einer Zulassung der Klasse E die Teilnahme an HAMNET und den Zugang zu zwei weiteren Frequenzbereichen zu erm\u00f6glichen, im Einvernehmen mit dem<br \/>\nBundesministerium f\u00fcr Verkehr und digitale Infrastruktur (BMVI) und dem Bundesministerium der Verteidigung (BMVg) die Nutzung der <\/span><span class=\"fontstyle0\">Frequenzbereiche<strong> 2320 \u2013 2450 MHz<\/strong> und <strong>5650 \u2013\u00a0<\/strong><strong>5850 MHz<\/strong> <\/span><span class=\"fontstyle2\">durch Inhaber einer Zulassung zur Teilnahme am Amateurfunkdienst der\u00a0<\/span><strong><span class=\"fontstyle0\">Klasse E <\/span><\/strong><span class=\"fontstyle2\">unter den folgenden Nutzungsbestimmungen <\/span><span class=\"fontstyle0\">ab sofort <em><strong>bis zum 31. Dezember<\/strong><\/em><br \/>\n<em><strong>2019 <\/strong><\/em><\/span><em><strong><span class=\"fontstyle2\">geduldet.<\/span><\/strong><\/em><\/p>\n<p><span class=\"fontstyle2\"><br \/>\n<\/span><span class=\"fontstyle0\"><strong>Nutzungsbestimmungen<\/strong><br \/>\n<\/span><span class=\"fontstyle2\">Die maximal zul\u00e4ssige Sendeleistung bei der Nutzung der Frequenzbereiche 2320 \u2013 2450 MHz und 5650 \u2013 5850 MHz durch Inhaber einer Zulassung zur Teilnahme am Amateurfunkdienst der <strong>Klasse E betr\u00e4gt <\/strong><\/span><strong><span class=\"fontstyle0\">5 Watt PEP<\/span><\/strong><span class=\"fontstyle2\">.<br \/>\nDabei sind die zus\u00e4tzlichen Nutzungsbestimmungen 9 und 13 gem\u00e4\u00df Buchstabe B der Anlage 1 der Amateurfunkverordnung (AFuV) und alle sonstigen Bestimmungen des Amateurfunkgesetzes (AFuG) und der Amateurfunkverordnung (AFuV) unver\u00e4ndert einzuhalten.<br \/>\n225-9<\/span><\/p>\n","protected":false},"excerpt":{"rendered":"<p>Mitteilung Nr. 695\/2017, ge\u00e4ndert durch Mitteilung Nr. 415\/2018 Nutzung der Frequenzbereiche 2320 \u2013 2450 MHz und 5650 \u2013 5850 MHz durch Inhaber einer Zulassung zur Teilnahme am Amateurfunkdienst der Klasse &hellip; <\/p>\n<p class=\"link-more\"><a href=\"https:\/\/www.baerenfunk.de\/index.php\/2018\/12\/19\/duldung-fuer-doler-von-24ghz-5ghz-verlaengert\/\" class=\"more-link\"><span class=\"screen-reader-text\">\u201eDuldung f\u00fcr DOler von 2,4Ghz &#038; 5Ghz verl\u00e4ngert\u201c<\/span> weiterlesen<\/a><\/p>\n","protected":false},"author":1,"featured_media":0,"comment_status":"closed","ping_status":"open","sticky":false,"template":"","format":"standard","meta":{"footnotes":""},"categories":[3],"tags":[],"_links":{"self":[{"href":"https:\/\/www.baerenfunk.de\/index.php\/wp-json\/wp\/v2\/posts\/316"}],"collection":[{"href":"https:\/\/www.baerenfunk.de\/index.php\/wp-json\/wp\/v2\/posts"}],"about":[{"href":"https:\/\/www.baerenfunk.de\/index.php\/wp-json\/wp\/v2\/types\/post"}],"author":[{"embeddable":true,"href":"https:\/\/www.baerenfunk.de\/index.php\/wp-json\/wp\/v2\/users\/1"}],"replies":[{"embeddable":true,"href":"https:\/\/www.baerenfunk.de\/index.php\/wp-json\/wp\/v2\/comments?post=316"}],"version-history":[{"count":0,"href":"https:\/\/www.baerenfunk.de\/index.php\/wp-json\/wp\/v2\/posts\/316\/revisions"}],"wp:attachment":[{"href":"https:\/\/www.baerenfunk.de\/index.php\/wp-json\/wp\/v2\/media?parent=316"}],"wp:term":[{"taxonomy":"category","embeddable":true,"href":"https:\/\/www.baerenfunk.de\/index.php\/wp-json\/wp\/v2\/categories?post=316"},{"taxonomy":"post_tag","embeddable":true,"href":"https:\/\/www.baerenfunk.de\/index.php\/wp-json\/wp\/v2\/tags?post=316"}],"curies":[{"name":"wp","href":"https:\/\/api.w.org\/{rel}","templated":true}]}}