{"id":2845,"date":"2025-11-28T21:52:33","date_gmt":"2025-11-28T20:52:33","guid":{"rendered":"https:\/\/www.baerenfunk.de\/?p=2845"},"modified":"2025-11-28T21:54:28","modified_gmt":"2025-11-28T20:54:28","slug":"was-gibts-neues-2","status":"publish","type":"post","link":"https:\/\/www.baerenfunk.de\/index.php\/2025\/11\/28\/was-gibts-neues-2\/","title":{"rendered":"Was gibts Neues?"},"content":{"rendered":"\n<p>Nat\u00fcrlich hatten wir unseren November OV-Abend und danach hat sich auch einiges getan. So haben Sefan, DO7OZ und Werner DC0OT zur Heckenschere gegriffen und den Wildwuchs rund um den Container beseitigt. Herzlichen Dank daf\u00fcr!<\/p>\n\n\n\n<figure class=\"wp-block-image size-large\"><img loading=\"lazy\" decoding=\"async\" width=\"1024\" height=\"576\" src=\"https:\/\/www.baerenfunk.de\/wp-content\/uploads\/2025\/11\/photo_2025-11-18_12-16-06-1024x576.jpg\" alt=\"\" class=\"wp-image-2846\" srcset=\"https:\/\/www.baerenfunk.de\/wp-content\/uploads\/2025\/11\/photo_2025-11-18_12-16-06-1024x576.jpg 1024w, https:\/\/www.baerenfunk.de\/wp-content\/uploads\/2025\/11\/photo_2025-11-18_12-16-06-300x169.jpg 300w, https:\/\/www.baerenfunk.de\/wp-content\/uploads\/2025\/11\/photo_2025-11-18_12-16-06-768x432.jpg 768w, https:\/\/www.baerenfunk.de\/wp-content\/uploads\/2025\/11\/photo_2025-11-18_12-16-06.jpg 1280w\" sizes=\"(max-width: 767px) 89vw, (max-width: 1000px) 54vw, (max-width: 1071px) 543px, 580px\" \/><figcaption class=\"wp-element-caption\">Sieht wie neu aus: Die Hecke rund um den Container.<\/figcaption><\/figure>\n\n\n\n<p>Ferner hat Stefan, DO7OZ die Anleitung f\u00fcr die Wartung des Frick-Mastes besorgt und dann  konnte er auch mit Unterst\u00fctzung von DF1OE, Roland die notwendige Wartung vornehmen. Danke Stefan!<br>Und somit ist fast alles bereit f\u00fcr den CQ WW DX CW Contest am 29\/30.11.2025.  Noch muss das Licht getauscht werden &#8211; und das Notstromaggregat braucht (immer noch) ein neues Zugseil. Roland, DF1OE wird Samstag\/Sonntag vom Container aus einige Stunden am CQ WW DX CW Contest teilnehmen &#8211; ohne den Ehrgeiz eine bestimmte Platzierung zu erreichen.<br>Beim Relais DB0TVH gibt es auch ein paar Wartungsarbeiten &#8211; so ist das C4FM-Relais im Moment nur im Inselbetrieb &#8211; der Steuerrechner muss ausgetauscht werden und die Anbindung \u00fcber den bestehenden HamNet-Link ist auch unvollst\u00e4ndig. Auch bei dem 144Mhz Gateway f\u00fcr APRS gitb es Probleme &#8211; dort muss ggfls sogar eine neue Antenne errichtet werden. Bei diesen Arbeiten ist die Perspektive gerade etwas l\u00e4nger &#8211; alle haben zu tun und so warten wir mal auf die Weihnachtspause.<br> <\/p>\n","protected":false},"excerpt":{"rendered":"<p>Nat\u00fcrlich hatten wir unseren November OV-Abend und danach hat sich auch einiges getan. So haben Sefan, DO7OZ und Werner DC0OT zur Heckenschere gegriffen und den Wildwuchs rund um den Container &hellip; <\/p>\n<p class=\"link-more\"><a href=\"https:\/\/www.baerenfunk.de\/index.php\/2025\/11\/28\/was-gibts-neues-2\/\" class=\"more-link\"><span class=\"screen-reader-text\">\u201eWas gibts Neues?\u201c<\/span> weiterlesen<\/a><\/p>\n","protected":false},"author":1,"featured_media":0,"comment_status":"closed","ping_status":"closed","sticky":false,"template":"","format":"standard","meta":{"footnotes":""},"categories":[101,4,75],"tags":[61,10,15,114],"_links":{"self":[{"href":"https:\/\/www.baerenfunk.de\/index.php\/wp-json\/wp\/v2\/posts\/2845"}],"collection":[{"href":"https:\/\/www.baerenfunk.de\/index.php\/wp-json\/wp\/v2\/posts"}],"about":[{"href":"https:\/\/www.baerenfunk.de\/index.php\/wp-json\/wp\/v2\/types\/post"}],"author":[{"embeddable":true,"href":"https:\/\/www.baerenfunk.de\/index.php\/wp-json\/wp\/v2\/users\/1"}],"replies":[{"embeddable":true,"href":"https:\/\/www.baerenfunk.de\/index.php\/wp-json\/wp\/v2\/comments?post=2845"}],"version-history":[{"count":1,"href":"https:\/\/www.baerenfunk.de\/index.php\/wp-json\/wp\/v2\/posts\/2845\/revisions"}],"predecessor-version":[{"id":2847,"href":"https:\/\/www.baerenfunk.de\/index.php\/wp-json\/wp\/v2\/posts\/2845\/revisions\/2847"}],"wp:attachment":[{"href":"https:\/\/www.baerenfunk.de\/index.php\/wp-json\/wp\/v2\/media?parent=2845"}],"wp:term":[{"taxonomy":"category","embeddable":true,"href":"https:\/\/www.baerenfunk.de\/index.php\/wp-json\/wp\/v2\/categories?post=2845"},{"taxonomy":"post_tag","embeddable":true,"href":"https:\/\/www.baerenfunk.de\/index.php\/wp-json\/wp\/v2\/tags?post=2845"}],"curies":[{"name":"wp","href":"https:\/\/api.w.org\/{rel}","templated":true}]}}