{"id":2830,"date":"2025-08-15T14:00:46","date_gmt":"2025-08-15T13:00:46","guid":{"rendered":"https:\/\/www.baerenfunk.de\/?p=2830"},"modified":"2025-12-05T16:12:46","modified_gmt":"2025-12-05T15:12:46","slug":"ov-abend-vom-13-08-2025","status":"publish","type":"post","link":"https:\/\/www.baerenfunk.de\/index.php\/2025\/08\/15\/ov-abend-vom-13-08-2025\/","title":{"rendered":"OV-Abend vom 13.08.2025"},"content":{"rendered":"\n<p>Der stellvertretende OVV Kai (DO9KAS) konnte insgesamt 18 Personen begr\u00fcssen.&nbsp;<\/p>\n\n\n\n<p><strong>Die Punkte f\u00fcr den Abend:<\/strong><\/p>\n\n\n\n<p>-Am kommenden Wochenende finden im Auekamp wieder EME-Aktivit\u00e4ten statt, bei n\u00e4heren Interesse dazu (auch bei grunds\u00e4tzlichem Interesse) bitte an Kai (DO9KAS) wenden<\/p>\n\n\n\n<p>-Vom 22.-24.08.2025 findet vom H23 und H28 in H\u00f6hbeck ein Treffen inkl. Kofferraumflohmarkt statt (n\u00e4heres dazu hier\u00a0<a href=\"https:\/\/www.darc.de\/der-club\/distrikte\/h\/ortsverbaende\/23\/\">https:\/\/www.darc.de\/der-club\/distrikte\/h\/ortsverbaende\/23\/<\/a>\u00a0)<\/p>\n\n\n\n<p>Es werden ebenfalls Teilnehmer des H48 dort vor Ort sein. Viel Spass!<\/p>\n\n\n\n<p>-Grunds\u00e4tzlich findet am 1. Wochenende im September jeden Jahres der bekannte Field-Day statt.&nbsp;Der Wettbewerb (Contest) l\u00e4uft von Samstag 15 Uhr (1300 Z) bis Sonntag 14.59 Uhr (1259Z).<\/p>\n\n\n\n<p>Dieses Jahr ist es seitens des H48 nicht geplant an diesem Wochenende auf einen Campingplatz zu fahren. Sollten Angeh\u00f6rige des H48 dennoch den Wunsch versp\u00fcren dort dran teilzunehmen, dann schlie\u00dft Euch bitte eigenst\u00e4ndig zusammen (es gibt die eigene Telegramgruppe des H48, einfach t\u00e4tig werden)<\/p>\n\n\n\n<p>-Ein eigenes Field-Day seitens H48 ist am zweiten Wochenende des September dann auf dem Wacholderpark in Winsen\/Aller geplant (&nbsp;<a href=\"http:\/\/www.wacholderpark.de\/\">http:\/\/www.wacholderpark.de<\/a>&nbsp;). Die Absprachen dazu trifft Stefan (DO7OZ). Dort w\u00e4re es seitens des H48 der erste Besuch im Rahmen von Funkaktivit\u00e4ten, um auch einmal andere Pl\u00e4tze auszuprobieren.<\/p>\n\n\n\n<p>-Maustag: hier stehen wir auf der Stelle. Bis zum aktuellen OV-Abend war die Bitte sich \u00fcber den Link anzumelden (wurde von Roland (DF1OE) bekannt gegeben), wer dort unterst\u00fctzen k\u00f6nnte.&nbsp;<\/p>\n\n\n\n<p>Derzeit ist nicht bekannt wer nun unterst\u00fctzen k\u00f6nnte, terminlich wird das Ganze sehr eng, da nur noch der n\u00e4chste OV-Abend f\u00fcr Abstimmung innerhalb des OV m\u00f6glich w\u00e4re um am 03. Oktober 2025 den Tag durchzuf\u00fchren.<\/p>\n\n\n\n<p>Sonnige Gr\u00fc\u00dfe<\/p>\n\n\n\n<p>Andreas DO1KAM<\/p>\n","protected":false},"excerpt":{"rendered":"<p>Der stellvertretende OVV Kai (DO9KAS) konnte insgesamt 18 Personen begr\u00fcssen.&nbsp; Die Punkte f\u00fcr den Abend: -Am kommenden Wochenende finden im Auekamp wieder EME-Aktivit\u00e4ten statt, bei n\u00e4heren Interesse dazu (auch bei &hellip; <\/p>\n<p class=\"link-more\"><a href=\"https:\/\/www.baerenfunk.de\/index.php\/2025\/08\/15\/ov-abend-vom-13-08-2025\/\" class=\"more-link\"><span class=\"screen-reader-text\">\u201eOV-Abend vom 13.08.2025\u201c<\/span> weiterlesen<\/a><\/p>\n","protected":false},"author":13,"featured_media":0,"comment_status":"closed","ping_status":"closed","sticky":false,"template":"","format":"standard","meta":{"footnotes":""},"categories":[4,75],"tags":[58,124,108,129,114,135],"_links":{"self":[{"href":"https:\/\/www.baerenfunk.de\/index.php\/wp-json\/wp\/v2\/posts\/2830"}],"collection":[{"href":"https:\/\/www.baerenfunk.de\/index.php\/wp-json\/wp\/v2\/posts"}],"about":[{"href":"https:\/\/www.baerenfunk.de\/index.php\/wp-json\/wp\/v2\/types\/post"}],"author":[{"embeddable":true,"href":"https:\/\/www.baerenfunk.de\/index.php\/wp-json\/wp\/v2\/users\/13"}],"replies":[{"embeddable":true,"href":"https:\/\/www.baerenfunk.de\/index.php\/wp-json\/wp\/v2\/comments?post=2830"}],"version-history":[{"count":1,"href":"https:\/\/www.baerenfunk.de\/index.php\/wp-json\/wp\/v2\/posts\/2830\/revisions"}],"predecessor-version":[{"id":2831,"href":"https:\/\/www.baerenfunk.de\/index.php\/wp-json\/wp\/v2\/posts\/2830\/revisions\/2831"}],"wp:attachment":[{"href":"https:\/\/www.baerenfunk.de\/index.php\/wp-json\/wp\/v2\/media?parent=2830"}],"wp:term":[{"taxonomy":"category","embeddable":true,"href":"https:\/\/www.baerenfunk.de\/index.php\/wp-json\/wp\/v2\/categories?post=2830"},{"taxonomy":"post_tag","embeddable":true,"href":"https:\/\/www.baerenfunk.de\/index.php\/wp-json\/wp\/v2\/tags?post=2830"}],"curies":[{"name":"wp","href":"https:\/\/api.w.org\/{rel}","templated":true}]}}