{"id":2826,"date":"2025-07-25T19:07:42","date_gmt":"2025-07-25T18:07:42","guid":{"rendered":"https:\/\/www.baerenfunk.de\/?p=2826"},"modified":"2025-07-25T19:09:56","modified_gmt":"2025-07-25T18:09:56","slug":"ov-abend-09-07-2025","status":"publish","type":"post","link":"https:\/\/www.baerenfunk.de\/index.php\/2025\/07\/25\/ov-abend-09-07-2025\/","title":{"rendered":"OV-Abend vom 09.07.2025"},"content":{"rendered":"\n<p>Teilnehmer; aufgrund vieler Urlauber auch \u201enur\u201c (13 Personen, inkl. anderer OM aus Hannover)<\/p>\n\n\n\n<p><strong>Maustag:<\/strong><br>Bisher f\u00fcnf Interessierte die bei dem Maustag am 03.10.2025 mitmachen w\u00fcrden.<br>Nach aktuellem Stand wird der Maustag durch den OV angemeldet und durchgef\u00fchrt.<br>Andreas (DO1KAM) wird den OV H48 wieder anmelden.<\/p>\n\n\n\n<p><strong>Zweiter Punkt an diesem Abend, finanzielle F\u00f6rderung:<\/strong><br>Vor einiger Zeit wurde durch den OV H48 eine F\u00f6rderung bei dem DARC beantrag (f\u00fcr DB0TVH) ; es wurden dem OV nun 600\u20ac zugesprochen, dieses Geld wird dem Repeater DB0TVH zugewiesen.<\/p>\n\n\n\n<p><strong>Dritter Punkt, Remotebetrieb \u00fcber den DARC:<\/strong><br>Dazu Gerd (DB1AI): letzter Donnerstag (03.07.2025) wollte Gerd als Remotestation arbeiten (diese M\u00f6glichkeit besteht nun seitens des DARC-weiterhin nur f\u00fcr Klasse A-Inhaber), es bedarf eines Client, nach R\u00fcckruf beim DARC war letzte Woche keine Funktion gewesen. N\u00e4heres wird nach Auskunft aus dem Telefonat dazu in der n\u00e4chsten CQDL stehen.<br>Nils (DH8ND, stv. OVV vom OV H13) nimmet den Ball auf und versucht eine entsprechende Schulung zu organisieren, dieses wird dann \u00fcber den Rundspruch noch bekannt gegeben.<br>Es entstand eine lebhafte Diskussion. Daher Verz\u00f6gerung des OV-Abend!<\/p>\n\n\n\n<p>Letzter Punkt; nice to know:<br>Ab dem 15.08.2025 wird es f\u00fcr Hannover auf der Frequenz 100.5 MHz einen lokalen Radiosender geben, Name: <strong>Leibniz-Fm!<\/strong><br>N\u00e4heres: https:\/\/www.leibniz.fm<\/p>\n\n\n\n<p>19:30 wurde des OV-Abend beendet<\/p>\n\n\n\n<p>Wir w\u00fcnschen allen Urlaubern weiterhin erholsame Urlaubstage!<\/p>\n","protected":false},"excerpt":{"rendered":"<p>Teilnehmer; aufgrund vieler Urlauber auch \u201enur\u201c (13 Personen, inkl. anderer OM aus Hannover) Maustag:Bisher f\u00fcnf Interessierte die bei dem Maustag am 03.10.2025 mitmachen w\u00fcrden.Nach aktuellem Stand wird der Maustag durch &hellip; <\/p>\n<p class=\"link-more\"><a href=\"https:\/\/www.baerenfunk.de\/index.php\/2025\/07\/25\/ov-abend-09-07-2025\/\" class=\"more-link\"><span class=\"screen-reader-text\">\u201eOV-Abend vom 09.07.2025\u201c<\/span> weiterlesen<\/a><\/p>\n","protected":false},"author":13,"featured_media":0,"comment_status":"closed","ping_status":"closed","sticky":false,"template":"","format":"standard","meta":{"footnotes":""},"categories":[4,75],"tags":[137,124,136],"_links":{"self":[{"href":"https:\/\/www.baerenfunk.de\/index.php\/wp-json\/wp\/v2\/posts\/2826"}],"collection":[{"href":"https:\/\/www.baerenfunk.de\/index.php\/wp-json\/wp\/v2\/posts"}],"about":[{"href":"https:\/\/www.baerenfunk.de\/index.php\/wp-json\/wp\/v2\/types\/post"}],"author":[{"embeddable":true,"href":"https:\/\/www.baerenfunk.de\/index.php\/wp-json\/wp\/v2\/users\/13"}],"replies":[{"embeddable":true,"href":"https:\/\/www.baerenfunk.de\/index.php\/wp-json\/wp\/v2\/comments?post=2826"}],"version-history":[{"count":2,"href":"https:\/\/www.baerenfunk.de\/index.php\/wp-json\/wp\/v2\/posts\/2826\/revisions"}],"predecessor-version":[{"id":2828,"href":"https:\/\/www.baerenfunk.de\/index.php\/wp-json\/wp\/v2\/posts\/2826\/revisions\/2828"}],"wp:attachment":[{"href":"https:\/\/www.baerenfunk.de\/index.php\/wp-json\/wp\/v2\/media?parent=2826"}],"wp:term":[{"taxonomy":"category","embeddable":true,"href":"https:\/\/www.baerenfunk.de\/index.php\/wp-json\/wp\/v2\/categories?post=2826"},{"taxonomy":"post_tag","embeddable":true,"href":"https:\/\/www.baerenfunk.de\/index.php\/wp-json\/wp\/v2\/tags?post=2826"}],"curies":[{"name":"wp","href":"https:\/\/api.w.org\/{rel}","templated":true}]}}