{"id":2810,"date":"2025-06-26T10:55:05","date_gmt":"2025-06-26T09:55:05","guid":{"rendered":"https:\/\/www.baerenfunk.de\/?p=2810"},"modified":"2025-06-26T11:23:11","modified_gmt":"2025-06-26T10:23:11","slug":"ov-abend-vom-11-06-2025","status":"publish","type":"post","link":"https:\/\/www.baerenfunk.de\/index.php\/2025\/06\/26\/ov-abend-vom-11-06-2025\/","title":{"rendered":"OV-Abend vom 11.06.2025"},"content":{"rendered":"\n<p>Um 19:13 Uhr er\u00f6ffnete der stv. 0VV Kai (DO9KAS) etwas versp\u00e4tet den OV-Abend.<\/p>\n\n\n\n<p>Mit dabei waren auch (wie immer J ) G\u00e4ste aus dem OV H13, wir freuen uns das es Euch bei uns so gut gef\u00e4llt.<\/p>\n\n\n\n<p><strong>Neuer QSL-Manager<\/strong><\/p>\n\n\n\n<p>Stefan (DF3SR) ist neuer QSL-Manager.<\/p>\n\n\n\n<p>Auf diesem Wege noch einmal vielen Dank an Wolfgang (DL4AH) f\u00fcr die letzten Jahre zuverl\u00e4ssige und stehts gut gelaunte Verteilung der Karten.<\/p>\n\n\n\n<p>Eine Bitte von Stefan an die Mitglieder des OV H48: da Ihm noch nicht alle Rufzeichen bekannt sind, sprecht Stefan bitte direkt auf den OV-Abenden als QSL-Manager an on QSL-Karten f\u00fcr Euch angekommen sind.<br> <\/p>\n\n\n\n<figure class=\"wp-block-image size-full is-resized\"><img loading=\"lazy\" decoding=\"async\" width=\"453\" height=\"340\" src=\"https:\/\/www.baerenfunk.de\/wp-content\/uploads\/2025\/06\/bild1.jpg\" alt=\"\" class=\"wp-image-2811\" style=\"width:482px;height:auto\" srcset=\"https:\/\/www.baerenfunk.de\/wp-content\/uploads\/2025\/06\/bild1.jpg 453w, https:\/\/www.baerenfunk.de\/wp-content\/uploads\/2025\/06\/bild1-300x225.jpg 300w\" sizes=\"(max-width: 453px) 100vw, 453px\" \/><\/figure>\n\n\n\n<p>Wolfgang (DL4AH) \u00fcbergibt seine T\u00e4tigkeit als QSL-Manager an Stefan (DF3SR)<\/p>\n\n\n\n<p><strong>Aktionen<\/strong><\/p>\n\n\n\n<p>Einige Mitglieder des Ortsverbandes haben im HamCamp bei Westerstede das dortige Team unterst\u00fctzt und den 40m Beam aufgebaut.<\/p>\n\n\n\n<p>Als n\u00e4chstes findet die HamRadio an, daher aktuell auch keine Aktionen im OV H48 geplant, es geht nach der HamRadio wieder an. <\/p>\n\n\n\n<p><strong>Fieldday<\/strong><br>Weitere sind auf jeden Fall f\u00fcr 2025 noch angedacht, allerdings k\u00f6nnen die auch recht kurzfristig stattfinden (Empfehlung: Interessierte k\u00f6nnen in die Telegram-Gruppe Fieldday-Group aufgenommen werden, meldet Euch einfach)<\/p>\n\n\n\n<p><strong>Maustag<\/strong><br>Soll 2025 wieder der Maustag stattfinden?<br>Es wird eine Rundmail erfolgen, Ziel ist es auf dem n\u00e4chsten OV-Abend Juli dann abzustimmen ob der Maustag wieder stattfindet oder nicht.<\/p>\n","protected":false},"excerpt":{"rendered":"<p>Um 19:13 Uhr er\u00f6ffnete der stv. 0VV Kai (DO9KAS) etwas versp\u00e4tet den OV-Abend. Mit dabei waren auch (wie immer J ) G\u00e4ste aus dem OV H13, wir freuen uns das &hellip; <\/p>\n<p class=\"link-more\"><a href=\"https:\/\/www.baerenfunk.de\/index.php\/2025\/06\/26\/ov-abend-vom-11-06-2025\/\" class=\"more-link\"><span class=\"screen-reader-text\">\u201eOV-Abend vom 11.06.2025\u201c<\/span> weiterlesen<\/a><\/p>\n","protected":false},"author":13,"featured_media":0,"comment_status":"closed","ping_status":"closed","sticky":false,"template":"","format":"standard","meta":{"footnotes":""},"categories":[4,75],"tags":[134,48,135,21],"_links":{"self":[{"href":"https:\/\/www.baerenfunk.de\/index.php\/wp-json\/wp\/v2\/posts\/2810"}],"collection":[{"href":"https:\/\/www.baerenfunk.de\/index.php\/wp-json\/wp\/v2\/posts"}],"about":[{"href":"https:\/\/www.baerenfunk.de\/index.php\/wp-json\/wp\/v2\/types\/post"}],"author":[{"embeddable":true,"href":"https:\/\/www.baerenfunk.de\/index.php\/wp-json\/wp\/v2\/users\/13"}],"replies":[{"embeddable":true,"href":"https:\/\/www.baerenfunk.de\/index.php\/wp-json\/wp\/v2\/comments?post=2810"}],"version-history":[{"count":3,"href":"https:\/\/www.baerenfunk.de\/index.php\/wp-json\/wp\/v2\/posts\/2810\/revisions"}],"predecessor-version":[{"id":2818,"href":"https:\/\/www.baerenfunk.de\/index.php\/wp-json\/wp\/v2\/posts\/2810\/revisions\/2818"}],"wp:attachment":[{"href":"https:\/\/www.baerenfunk.de\/index.php\/wp-json\/wp\/v2\/media?parent=2810"}],"wp:term":[{"taxonomy":"category","embeddable":true,"href":"https:\/\/www.baerenfunk.de\/index.php\/wp-json\/wp\/v2\/categories?post=2810"},{"taxonomy":"post_tag","embeddable":true,"href":"https:\/\/www.baerenfunk.de\/index.php\/wp-json\/wp\/v2\/tags?post=2810"}],"curies":[{"name":"wp","href":"https:\/\/api.w.org\/{rel}","templated":true}]}}