{"id":2804,"date":"2025-06-07T17:00:34","date_gmt":"2025-06-07T16:00:34","guid":{"rendered":"https:\/\/www.baerenfunk.de\/?p=2804"},"modified":"2025-06-07T17:04:16","modified_gmt":"2025-06-07T16:04:16","slug":"funkstille","status":"publish","type":"post","link":"https:\/\/www.baerenfunk.de\/index.php\/2025\/06\/07\/funkstille\/","title":{"rendered":"Funkstille?"},"content":{"rendered":"\n<p>In den letzten Monaten hat sich hier auf der Webseite nicht viel getan &#8211; Funkstille gewissermassen. Der Webmaster ist nach Frankreich zum Urlaub entr\u00fcckt und schl\u00e4gt sich dort bei angenehmen 28 Grad mit einer Erk\u00e4ltung (oder so) rum. Andi, DO1KAM, unser \u00d6ffentlichkeitsarbeiter war auf den letzten OV-Abenden nicht mit dabei &#8211; also gab es auch aus seiner Feder nichts Neues.<br>Aber nat\u00fcrlich ist dennoch viel passiert. Zun\u00e4chst eine Personalie: Stefan, DF3SR ist ab sofort unser neuer QSL-Manager und k\u00fcmmert sich jetzt um Annahme und Versand der QSL-Karten. Und an den bisherigen QSL-Manager Wolfgang, DL4AH geht ein herzliches Dankesch\u00f6n f\u00fcr die jahrelange T\u00e4tigkeit als QSL-Manager unseres Ortsvarbandes.<br>Andere Themen: Mitte Mai waren einige OMs in Wildeshausen und haben bei mittelm\u00e4\u00dfigem Wetter den 40 Meter Beam auf seinen (mir etwas d\u00fcnn scheinenden) Mast gehoben. Wegen starken Windes musste die Aktion an einem weiteren Wochende fortgesetzt werden. Jetzt steht der Beam &#8211; auf die ersten Erfolgsberichte von Pfingsten sind wir gespannt.<br>Und nicht vergessen: Am Mittwoch, dem 11. Juni ist wieder OV-Abend. Ein Thema k\u00f6nnte die Frage sein, ob wir wieder am Maustag teilnehmen und vor allem, wer dann verbindlich vor Ort am Container sein kann. Und dann verschwinden viele schon in die Ferien &#8211; einige werden sie mit einem Besuch auf der Ham Radio beginnen.<br>Tats\u00e4chlich ist es so &#8211; die aktuellen Verabredungen und Aktivit\u00e4ten werden bei uns mittlerweile untereinander via Telegram oder WhatsApp getroffen. Das ist schnell, zuverl\u00e4ssig und es m\u00fcssen nicht alle zeitgleich vor dem Funkger\u00e4t sitzen. Da ist die Webseite dann oftmals schon so Old-School und angestaubt wie ein Rundbrief. Hauptsache, die Funkger\u00e4te verstauben mittlerweile nicht in Funkstille\u2026<br>Also: Nicht vergessen: Funkbetrieb machen und OV-Abend besuchen!<\/p>\n","protected":false},"excerpt":{"rendered":"<p>In den letzten Monaten hat sich hier auf der Webseite nicht viel getan &#8211; Funkstille gewissermassen. Der Webmaster ist nach Frankreich zum Urlaub entr\u00fcckt und schl\u00e4gt sich dort bei angenehmen &hellip; <\/p>\n<p class=\"link-more\"><a href=\"https:\/\/www.baerenfunk.de\/index.php\/2025\/06\/07\/funkstille\/\" class=\"more-link\"><span class=\"screen-reader-text\">\u201eFunkstille?\u201c<\/span> weiterlesen<\/a><\/p>\n","protected":false},"author":1,"featured_media":0,"comment_status":"closed","ping_status":"closed","sticky":false,"template":"","format":"standard","meta":{"footnotes":""},"categories":[4,75],"tags":[],"_links":{"self":[{"href":"https:\/\/www.baerenfunk.de\/index.php\/wp-json\/wp\/v2\/posts\/2804"}],"collection":[{"href":"https:\/\/www.baerenfunk.de\/index.php\/wp-json\/wp\/v2\/posts"}],"about":[{"href":"https:\/\/www.baerenfunk.de\/index.php\/wp-json\/wp\/v2\/types\/post"}],"author":[{"embeddable":true,"href":"https:\/\/www.baerenfunk.de\/index.php\/wp-json\/wp\/v2\/users\/1"}],"replies":[{"embeddable":true,"href":"https:\/\/www.baerenfunk.de\/index.php\/wp-json\/wp\/v2\/comments?post=2804"}],"version-history":[{"count":1,"href":"https:\/\/www.baerenfunk.de\/index.php\/wp-json\/wp\/v2\/posts\/2804\/revisions"}],"predecessor-version":[{"id":2805,"href":"https:\/\/www.baerenfunk.de\/index.php\/wp-json\/wp\/v2\/posts\/2804\/revisions\/2805"}],"wp:attachment":[{"href":"https:\/\/www.baerenfunk.de\/index.php\/wp-json\/wp\/v2\/media?parent=2804"}],"wp:term":[{"taxonomy":"category","embeddable":true,"href":"https:\/\/www.baerenfunk.de\/index.php\/wp-json\/wp\/v2\/categories?post=2804"},{"taxonomy":"post_tag","embeddable":true,"href":"https:\/\/www.baerenfunk.de\/index.php\/wp-json\/wp\/v2\/tags?post=2804"}],"curies":[{"name":"wp","href":"https:\/\/api.w.org\/{rel}","templated":true}]}}