{"id":2790,"date":"2025-04-07T17:36:56","date_gmt":"2025-04-07T16:36:56","guid":{"rendered":"https:\/\/www.baerenfunk.de\/?p=2790"},"modified":"2025-04-09T05:26:27","modified_gmt":"2025-04-09T04:26:27","slug":"fruehjahr-fieldday-h48","status":"publish","type":"post","link":"https:\/\/www.baerenfunk.de\/index.php\/2025\/04\/07\/fruehjahr-fieldday-h48\/","title":{"rendered":"Fr\u00fchjahr Fieldday H48\u00a0"},"content":{"rendered":"\n<p>Vom 04. bis zum 06.04.2025 fand in Hameln der diesj\u00e4hrige Fieldday Fr\u00fchjahr 2025 statt.&nbsp;<\/p>\n\n\n\n<p>Insgesamt waren dort 12 Funkstationen aufgebaut, die Stimmung war ebenso gut wie das Wetter (trotz vereinzeltem Wind der deutlich k\u00fchle Luft mitgebracht hatte).<\/p>\n\n\n\n<p>Die Zeit wurde aktiv zum Funken genutzt, ebenso wie zum Fachsimpeln, Sp\u00e4\u00dfchen machen, Kuchen essen (danke an Wolfgangs bessere H\u00e4lfte), Ausruhen und einfach nur mal die Seele baumeln lassen.<\/p>\n\n\n\n<p>Zwischendurch wurde eine Codan noch mal mit Werkzeug zur Schraube ger\u00fcckt, also alles in allem ein sehr sch\u00f6nes Wochenende.<\/p>\n\n\n\n<figure class=\"wp-block-image size-large\"><img loading=\"lazy\" decoding=\"async\" width=\"1024\" height=\"768\" src=\"https:\/\/www.baerenfunk.de\/wp-content\/uploads\/2025\/04\/img_8703-1-1024x768.jpg\" alt=\"\" class=\"wp-image-2797\" srcset=\"https:\/\/www.baerenfunk.de\/wp-content\/uploads\/2025\/04\/img_8703-1-1024x768.jpg 1024w, https:\/\/www.baerenfunk.de\/wp-content\/uploads\/2025\/04\/img_8703-1-300x225.jpg 300w, https:\/\/www.baerenfunk.de\/wp-content\/uploads\/2025\/04\/img_8703-1-768x576.jpg 768w, https:\/\/www.baerenfunk.de\/wp-content\/uploads\/2025\/04\/img_8703-1.jpg 1280w\" sizes=\"(max-width: 767px) 89vw, (max-width: 1000px) 54vw, (max-width: 1071px) 543px, 580px\" \/><\/figure>\n\n\n\n<p>Danke an die bessere H\u00e4lfte von Wolfgang (DL4AH) f\u00fcr den leckeren Kuchen<\/p>\n\n\n\n<figure class=\"wp-block-image size-large is-resized\"><img loading=\"lazy\" decoding=\"async\" width=\"1024\" height=\"768\" src=\"https:\/\/www.baerenfunk.de\/wp-content\/uploads\/2025\/04\/img_8704-1024x768.jpg\" alt=\"\" class=\"wp-image-2792\" style=\"width:674px;height:auto\" srcset=\"https:\/\/www.baerenfunk.de\/wp-content\/uploads\/2025\/04\/img_8704-1024x768.jpg 1024w, https:\/\/www.baerenfunk.de\/wp-content\/uploads\/2025\/04\/img_8704-300x225.jpg 300w, https:\/\/www.baerenfunk.de\/wp-content\/uploads\/2025\/04\/img_8704-768x576.jpg 768w, https:\/\/www.baerenfunk.de\/wp-content\/uploads\/2025\/04\/img_8704.jpg 1280w\" sizes=\"(max-width: 767px) 89vw, (max-width: 1000px) 54vw, (max-width: 1071px) 543px, 580px\" \/><\/figure>\n\n\n\n<p>OP am offenen Herzen<\/p>\n\n\n\n<figure class=\"wp-block-image size-large\"><img loading=\"lazy\" decoding=\"async\" width=\"577\" height=\"1024\" src=\"https:\/\/www.baerenfunk.de\/wp-content\/uploads\/2025\/04\/img_8702-577x1024.jpg\" alt=\"\" class=\"wp-image-2793\" srcset=\"https:\/\/www.baerenfunk.de\/wp-content\/uploads\/2025\/04\/img_8702-577x1024.jpg 577w, https:\/\/www.baerenfunk.de\/wp-content\/uploads\/2025\/04\/img_8702-169x300.jpg 169w, https:\/\/www.baerenfunk.de\/wp-content\/uploads\/2025\/04\/img_8702.jpg 721w\" sizes=\"(max-width: 577px) 100vw, 577px\" \/><\/figure>\n\n\n\n<p>Tom (DL9OBD) hat alles im Griff<\/p>\n\n\n\n<figure class=\"wp-block-image size-large\"><img loading=\"lazy\" decoding=\"async\" width=\"1024\" height=\"768\" src=\"https:\/\/www.baerenfunk.de\/wp-content\/uploads\/2025\/04\/img_8701-1024x768.jpg\" alt=\"\" class=\"wp-image-2794\" srcset=\"https:\/\/www.baerenfunk.de\/wp-content\/uploads\/2025\/04\/img_8701-1024x768.jpg 1024w, https:\/\/www.baerenfunk.de\/wp-content\/uploads\/2025\/04\/img_8701-300x225.jpg 300w, https:\/\/www.baerenfunk.de\/wp-content\/uploads\/2025\/04\/img_8701-768x576.jpg 768w, https:\/\/www.baerenfunk.de\/wp-content\/uploads\/2025\/04\/img_8701-1536x1152.jpg 1536w, https:\/\/www.baerenfunk.de\/wp-content\/uploads\/2025\/04\/img_8701.jpg 1632w\" sizes=\"(max-width: 767px) 89vw, (max-width: 1000px) 54vw, (max-width: 1071px) 543px, 580px\" \/><\/figure>\n\n\n\n<p>Dank Sonne war genug Energie vorhanden gewesen<\/p>\n\n\n\n<figure class=\"wp-block-image size-large\"><img loading=\"lazy\" decoding=\"async\" width=\"577\" height=\"1024\" src=\"https:\/\/www.baerenfunk.de\/wp-content\/uploads\/2025\/04\/img_8709-577x1024.jpeg\" alt=\"\" class=\"wp-image-2800\" srcset=\"https:\/\/www.baerenfunk.de\/wp-content\/uploads\/2025\/04\/img_8709-577x1024.jpeg 577w, https:\/\/www.baerenfunk.de\/wp-content\/uploads\/2025\/04\/img_8709-169x300.jpeg 169w, https:\/\/www.baerenfunk.de\/wp-content\/uploads\/2025\/04\/img_8709.jpeg 721w\" sizes=\"(max-width: 577px) 100vw, 577px\" \/><\/figure>\n\n\n\n<p>Ebenso am Start: QO 100<\/p>\n\n\n\n<p>Danke an alle Beteiligten, ebenso auch f\u00fcr das kulinarische Wohl in der Gastst\u00e4tte am Waldbad Halvestorf.<\/p>\n","protected":false},"excerpt":{"rendered":"<p>Vom 04. bis zum 06.04.2025 fand in Hameln der diesj\u00e4hrige Fieldday Fr\u00fchjahr 2025 statt.&nbsp; Insgesamt waren dort 12 Funkstationen aufgebaut, die Stimmung war ebenso gut wie das Wetter (trotz vereinzeltem &hellip; <\/p>\n<p class=\"link-more\"><a href=\"https:\/\/www.baerenfunk.de\/index.php\/2025\/04\/07\/fruehjahr-fieldday-h48\/\" class=\"more-link\"><span class=\"screen-reader-text\">\u201eFr\u00fchjahr Fieldday H48\u00a0\u201c<\/span> weiterlesen<\/a><\/p>\n","protected":false},"author":13,"featured_media":0,"comment_status":"closed","ping_status":"closed","sticky":false,"template":"","format":"standard","meta":{"footnotes":""},"categories":[3],"tags":[124,108,21],"_links":{"self":[{"href":"https:\/\/www.baerenfunk.de\/index.php\/wp-json\/wp\/v2\/posts\/2790"}],"collection":[{"href":"https:\/\/www.baerenfunk.de\/index.php\/wp-json\/wp\/v2\/posts"}],"about":[{"href":"https:\/\/www.baerenfunk.de\/index.php\/wp-json\/wp\/v2\/types\/post"}],"author":[{"embeddable":true,"href":"https:\/\/www.baerenfunk.de\/index.php\/wp-json\/wp\/v2\/users\/13"}],"replies":[{"embeddable":true,"href":"https:\/\/www.baerenfunk.de\/index.php\/wp-json\/wp\/v2\/comments?post=2790"}],"version-history":[{"count":6,"href":"https:\/\/www.baerenfunk.de\/index.php\/wp-json\/wp\/v2\/posts\/2790\/revisions"}],"predecessor-version":[{"id":2802,"href":"https:\/\/www.baerenfunk.de\/index.php\/wp-json\/wp\/v2\/posts\/2790\/revisions\/2802"}],"wp:attachment":[{"href":"https:\/\/www.baerenfunk.de\/index.php\/wp-json\/wp\/v2\/media?parent=2790"}],"wp:term":[{"taxonomy":"category","embeddable":true,"href":"https:\/\/www.baerenfunk.de\/index.php\/wp-json\/wp\/v2\/categories?post=2790"},{"taxonomy":"post_tag","embeddable":true,"href":"https:\/\/www.baerenfunk.de\/index.php\/wp-json\/wp\/v2\/tags?post=2790"}],"curies":[{"name":"wp","href":"https:\/\/api.w.org\/{rel}","templated":true}]}}