{"id":2766,"date":"2025-01-22T17:59:06","date_gmt":"2025-01-22T16:59:06","guid":{"rendered":"https:\/\/www.baerenfunk.de\/?p=2766"},"modified":"2025-02-04T14:55:42","modified_gmt":"2025-02-04T13:55:42","slug":"bericht-ov-abend-januar-2025","status":"publish","type":"post","link":"https:\/\/www.baerenfunk.de\/index.php\/2025\/01\/22\/bericht-ov-abend-januar-2025\/","title":{"rendered":"Bericht OV-Abend Januar 2025"},"content":{"rendered":"\n<p>Dieses Mal erfolgte der OV-Abend ausnahmsweise am 3.Mittwoch im Monat, da in der vorherigen Woche aufgrund Urlaub das Lokal noch geschlossen war. Wir konnten insgesamt 19 Teilnehmende OMs begr\u00fc\u00dfen.<\/p>\n\n\n\n<p><strong>ASB und Funk-Equipment<\/strong><\/p>\n\n\n\n<p>Roland (DF1OE) und Holger (DO4BZ) waren unterwegs und haben Teile unserer beim ASB eingelagerten WRTC-Ausr\u00fcstung (Mast und Zubeh\u00f6r, Spiderbeam, Vorschlaghammer,Abspannungen, Erdanker) sowie den Funkkoffer abgeholt.<br>Aus der Repeater-Spende f\u00fcr den Distrikt hat Roland nochmal f\u00fcr den OV einen Repeater bekommen, welcher zuk\u00fcnftig f\u00fcr 10m als Relais realisiert werden k\u00f6nnte. Ferner wurde ein neues Hytera FM\/DMR auf 70cm aus der Spende entliehen, welches zuk\u00fcnftig dann im Container genutzt werden kann. Das Ger\u00e4t muss nur noch  muss nur noch programmiert werden &#8211; daf\u00fcr ist es bei Tom, DL9OBD. <\/p>\n\n\n\n<p><strong>Jahreshauptversammlung<\/strong><br>Im M\u00e4rz findet die Jahreshauptversammlung statt.<\/p>\n\n\n\n<p><strong>Digitale Betriebsarten<\/strong><br>C4FM Relais soll zuk\u00fcnftig via Bridge auch in Richtung DMR\/DSTAR via XLX339 genutzt werden k\u00f6nnen, dazu gibt es noch ein paar Detailfragen an Christian (DL9CMA). <\/p>\n\n\n\n<p><strong>Winteraktivit\u00e4ten der Fielddaygruppe<\/strong><br>Dazu tr\u00e4gt Tom (DL9OBD) vor: \u00fcbern\u00e4chstes WE findet im Auekamp 160m CW-Contest.SSB CQ WW 160m im letzten WE Februar (22.-23.02.2025).<\/p>\n\n\n\n<p><strong>Hinweis von Roland (DF1OE) zum DARC<\/strong><br>Keine Messe in Kassel aufgrund des Jubil\u00e4ums in diesem Jahr.<br>75 Jahr Feier im September des DARC<\/p>\n\n\n\n<p>Im Treff DARC gibt es f\u00fcr die Mitglieder viele Chatr\u00e4ume, ebenso ist dort auch H48 mit einem Raum vertreten. Der DARC e.V. ist auch bei Matrix, Mastodon und Bluesky vertreten.<\/p>\n\n\n\n<p><strong>Allgemeines zum Schluss:<\/strong><br>Frage von Gerd (DB1AI) Internet am Container, aktueller Sachstand?Aktuell immer noch keine \u00c4nderung, kein Internet vorhanden.<\/p>\n\n\n\n<p>Zum Hamnet am Standort Messe Hannover; gem Axel (DG1OBD) Messe l\u00e4uft, k\u00f6nnte dann langfristig f\u00fcr den Container genutzt werden.<\/p>\n\n\n\n<p>Provisorischer Draht h\u00e4ngt und funktioniert am Container, Gerd (DL5BH) und Kai (DO9KAS) k\u00fcmmern sich weiter darum, ebenso um die Erstellung eines Buch als&nbsp;&nbsp;Nachweis \u00fcber zuk\u00fcnftige Hamnetnutzung<\/p>\n\n\n\n<p>Sommerfieldday: dazu&nbsp;&nbsp;fragt Gerd (DL5BH)&nbsp;&nbsp;bei Fatima (Hameln) nach wann der n\u00e4chste Termin gemacht werden kann<\/p>\n\n\n\n<p>Wilfried (DJ1WF) fragt ob Interesse besteht nach Schweden Grimeton SAQ (automatischer Sender) zu fahren, bei Interesse bitte an Wilfried wenden<\/p>\n\n\n\n<p>Frage von Kai (DO9KAS) ob Fr\u00fchlingsfieldday Interesse besteht?, Frage ob M\u00e4rz\/April eine Idee w\u00e4re? Auch hierzu bitte zum n\u00e4chsten OV-Abend Gedanken machen, oder Kai direkt ansprechen.<br><\/p>\n","protected":false},"excerpt":{"rendered":"<p>Dieses Mal erfolgte der OV-Abend ausnahmsweise am 3.Mittwoch im Monat, da in der vorherigen Woche aufgrund Urlaub das Lokal noch geschlossen war. Wir konnten insgesamt 19 Teilnehmende OMs begr\u00fc\u00dfen. ASB &hellip; <\/p>\n<p class=\"link-more\"><a href=\"https:\/\/www.baerenfunk.de\/index.php\/2025\/01\/22\/bericht-ov-abend-januar-2025\/\" class=\"more-link\"><span class=\"screen-reader-text\">\u201eBericht OV-Abend Januar 2025\u201c<\/span> weiterlesen<\/a><\/p>\n","protected":false},"author":13,"featured_media":0,"comment_status":"closed","ping_status":"closed","sticky":false,"template":"","format":"standard","meta":{"footnotes":""},"categories":[4,75],"tags":[72,129,15,21],"_links":{"self":[{"href":"https:\/\/www.baerenfunk.de\/index.php\/wp-json\/wp\/v2\/posts\/2766"}],"collection":[{"href":"https:\/\/www.baerenfunk.de\/index.php\/wp-json\/wp\/v2\/posts"}],"about":[{"href":"https:\/\/www.baerenfunk.de\/index.php\/wp-json\/wp\/v2\/types\/post"}],"author":[{"embeddable":true,"href":"https:\/\/www.baerenfunk.de\/index.php\/wp-json\/wp\/v2\/users\/13"}],"replies":[{"embeddable":true,"href":"https:\/\/www.baerenfunk.de\/index.php\/wp-json\/wp\/v2\/comments?post=2766"}],"version-history":[{"count":6,"href":"https:\/\/www.baerenfunk.de\/index.php\/wp-json\/wp\/v2\/posts\/2766\/revisions"}],"predecessor-version":[{"id":2779,"href":"https:\/\/www.baerenfunk.de\/index.php\/wp-json\/wp\/v2\/posts\/2766\/revisions\/2779"}],"wp:attachment":[{"href":"https:\/\/www.baerenfunk.de\/index.php\/wp-json\/wp\/v2\/media?parent=2766"}],"wp:term":[{"taxonomy":"category","embeddable":true,"href":"https:\/\/www.baerenfunk.de\/index.php\/wp-json\/wp\/v2\/categories?post=2766"},{"taxonomy":"post_tag","embeddable":true,"href":"https:\/\/www.baerenfunk.de\/index.php\/wp-json\/wp\/v2\/tags?post=2766"}],"curies":[{"name":"wp","href":"https:\/\/api.w.org\/{rel}","templated":true}]}}