{"id":2739,"date":"2024-12-20T09:00:26","date_gmt":"2024-12-20T08:00:26","guid":{"rendered":"https:\/\/www.baerenfunk.de\/?p=2739"},"modified":"2025-01-16T19:06:09","modified_gmt":"2025-01-16T18:06:09","slug":"bericht-ov-abend-dezember-2024","status":"publish","type":"post","link":"https:\/\/www.baerenfunk.de\/index.php\/2024\/12\/20\/bericht-ov-abend-dezember-2024\/","title":{"rendered":"Bericht OV-Abend Dezember 2024"},"content":{"rendered":"\n<p>Mit zwanzig Teilnehmenden war der OV-Abend am 11.12.2024 wieder gut besucht. Unser OVV Roland er\u00f6ffnete gegen 19:15 Uhr den offiziellen Teil. Die einzelnen Themen waren:<\/p>\n\n\n\n<p><strong>25-j\u00e4hrige Mitgliedschaft DJ1KS&nbsp;<\/strong><\/p>\n\n\n\n<p>Karsten, DJ1KS erhielt f\u00fcr seine 25-j\u00e4hrige DARC Mitgliedschaft seine Ehrennadel.&nbsp;&nbsp;<\/p>\n\n\n\n<figure class=\"wp-block-image size-large\"><img loading=\"lazy\" decoding=\"async\" width=\"1024\" height=\"768\" src=\"https:\/\/www.baerenfunk.de\/wp-content\/uploads\/2024\/12\/20241211_193523_klein-1024x768.jpg\" alt=\"\" class=\"wp-image-2744\" srcset=\"https:\/\/www.baerenfunk.de\/wp-content\/uploads\/2024\/12\/20241211_193523_klein-1024x768.jpg 1024w, https:\/\/www.baerenfunk.de\/wp-content\/uploads\/2024\/12\/20241211_193523_klein-300x225.jpg 300w, https:\/\/www.baerenfunk.de\/wp-content\/uploads\/2024\/12\/20241211_193523_klein-768x576.jpg 768w, https:\/\/www.baerenfunk.de\/wp-content\/uploads\/2024\/12\/20241211_193523_klein-1536x1152.jpg 1536w, https:\/\/www.baerenfunk.de\/wp-content\/uploads\/2024\/12\/20241211_193523_klein-2048x1536.jpg 2048w\" sizes=\"(max-width: 767px) 89vw, (max-width: 1000px) 54vw, (max-width: 1071px) 543px, 580px\" \/><figcaption class=\"wp-element-caption\">Karsten freut sich sichtlich \u00fcber die Auszeichnung<\/figcaption><\/figure>\n\n\n\n<p><strong>DB0TVH<\/strong><\/p>\n\n\n\n<p>Nach dem Ausfall von zwei Repeatern f\u00fcr FM bereitete die technische Situation bei DB0TVH der Betreibergemeinschaft einiges Kopfzerbrechen. Dies f\u00fchrte dazu, das Roland trotz anf\u00e4nglicher Bedenken einen Repeater aus dem Pool der beim Distrikt ausleihbaren Hytera-Ger\u00e4te besorgte. <\/p>\n\n\n\n<figure class=\"wp-block-image size-large\"><img loading=\"lazy\" decoding=\"async\" width=\"1024\" height=\"768\" src=\"https:\/\/www.baerenfunk.de\/wp-content\/uploads\/2024\/12\/20241211_203549_klein-1024x768.jpg\" alt=\"\" class=\"wp-image-2745\" srcset=\"https:\/\/www.baerenfunk.de\/wp-content\/uploads\/2024\/12\/20241211_203549_klein-1024x768.jpg 1024w, https:\/\/www.baerenfunk.de\/wp-content\/uploads\/2024\/12\/20241211_203549_klein-300x225.jpg 300w, https:\/\/www.baerenfunk.de\/wp-content\/uploads\/2024\/12\/20241211_203549_klein-768x576.jpg 768w, https:\/\/www.baerenfunk.de\/wp-content\/uploads\/2024\/12\/20241211_203549_klein-1536x1152.jpg 1536w, https:\/\/www.baerenfunk.de\/wp-content\/uploads\/2024\/12\/20241211_203549_klein-2048x1536.jpg 2048w\" sizes=\"(max-width: 767px) 89vw, (max-width: 1000px) 54vw, (max-width: 1071px) 543px, 580px\" \/><\/figure>\n\n\n\n<p><br>Parallel hierzu gab es eine zweite positive Entwicklung &#8211; das Team von DB0TVH kann sich auch \u00fcber eine Hardware-Spende von Erik, DJ7OQ freuen. Die Runde dankte Erik herzlich f\u00fcr diese gro\u00dfz\u00fcgige Spende, die an keinerlei Bedingungen gekn\u00fcpft ist.&nbsp;<\/p>\n\n\n\n<p>Das defekte DR1XE wurde von Roland \u00fcberpr\u00fcft &#8211; hier hat die Steuerplatine f\u00fcr den Sender einen Defekt. Rolands Plan ist, das Ger\u00e4t mit einer anderen noch vorhandenen Steuerung auszustatten und es f\u00fcr Experimente mit M17 zu verwenden.<\/p>\n\n\n\n<p><strong>Kooperation mit dem ASB<\/strong><\/p>\n\n\n\n<p>Die Kooperation mit dem ASB ist zu Ende des Jahres aufgek\u00fcndigt. Ausl\u00f6ser waren Unstimmigkeiten zwischen der KatSchutz-Leitung und den im ASB aktiven Funkamateuren. Derzeit versucht der OVV einen Termin f\u00fcr die Abholung der dort noch vorhandenen funktechnischen Ausstattung zu organisieren. Es handelt sich um einen Koffer mit TS140V, FT-8000, (Leihgabe von DF1OE, Aufbau durch DL4AH) sowie die WRTC-Ausr\u00fcstung (14m-Mast mit Montagematerial, Rotor, Spiderbeam, Zelt etc.). Der Funkkoffer soll nach einer technischen \u00dcberpr\u00fcfung im Container verwahrt werden, ferner hat sich Pom, DG7AC bereiterkl\u00e4rt, die WRTC-Ausstattung an seinem neuen QTH einzulagern.&nbsp;<\/p>\n\n\n\n<p>Das Rufzeichen DA0ASB ist bei der BNetzA gel\u00f6scht.<\/p>\n\n\n\n<p><strong>Januar OV-Abend verschoben<\/strong><\/p>\n\n\n\n<p><strong>Der OV-Abend im Januar ist auf den Mittwoch, den 15.01.2025 verschoben, da Vio bis dahin im Urlaub ist.<\/strong><\/p>\n\n\n\n<p><strong>Aktivit\u00e4ten zum Jahresanfang<\/strong><\/p>\n\n\n\n<p>Der DARC 10 Meter Contest am Sonntagmorgen (Zweiter Sonntag im Januar, 0800-1059 UTC.) ist wieder eine gute M\u00f6glichkeit einige Stunden Spass bei Winterbedingungen zu haben. Gleichzeitig gibt es Punkte bei der Clubmeisterschaft &#8211; also bitte die Logs einreichen, wer mitmacht.<\/p>\n\n\n\n<p>Jeweils am letzten Wochenende im Januar (CW) und Februar (SSB) ist der CQ WW 160 Meter Contest. Tom und Roland haben die Absicht bei nicht zu schlechten Wetterbedingungen wieder vom DARC-Camp in Wildeshausen aus unter DR2T QRV zu werden. In Wildeshausen gibt es mittlerweile einen Campingwagen, den man f\u00fcr \u00dcbernachtungen nutzen kann.<\/p>\n\n\n\n<p><strong>Rufzeichen DP3P<\/strong><\/p>\n\n\n\n<p>Die Verl\u00e4ngerung des Rufzeichens DP3P wurde Anfang 2024 neu beantragt und best\u00e4tigt. Es steht also f\u00fcr Contest-Aktivit\u00e4ten zur Verf\u00fcgung.<\/p>\n","protected":false},"excerpt":{"rendered":"<p>Mit zwanzig Teilnehmenden war der OV-Abend am 11.12.2024 wieder gut besucht. Unser OVV Roland er\u00f6ffnete gegen 19:15 Uhr den offiziellen Teil. Die einzelnen Themen waren: 25-j\u00e4hrige Mitgliedschaft DJ1KS&nbsp; Karsten, DJ1KS &hellip; <\/p>\n<p class=\"link-more\"><a href=\"https:\/\/www.baerenfunk.de\/index.php\/2024\/12\/20\/bericht-ov-abend-dezember-2024\/\" class=\"more-link\"><span class=\"screen-reader-text\">\u201eBericht OV-Abend Dezember 2024\u201c<\/span> weiterlesen<\/a><\/p>\n","protected":false},"author":13,"featured_media":0,"comment_status":"closed","ping_status":"closed","sticky":false,"template":"","format":"standard","meta":{"footnotes":""},"categories":[4,75],"tags":[124,129,15,21],"_links":{"self":[{"href":"https:\/\/www.baerenfunk.de\/index.php\/wp-json\/wp\/v2\/posts\/2739"}],"collection":[{"href":"https:\/\/www.baerenfunk.de\/index.php\/wp-json\/wp\/v2\/posts"}],"about":[{"href":"https:\/\/www.baerenfunk.de\/index.php\/wp-json\/wp\/v2\/types\/post"}],"author":[{"embeddable":true,"href":"https:\/\/www.baerenfunk.de\/index.php\/wp-json\/wp\/v2\/users\/13"}],"replies":[{"embeddable":true,"href":"https:\/\/www.baerenfunk.de\/index.php\/wp-json\/wp\/v2\/comments?post=2739"}],"version-history":[{"count":5,"href":"https:\/\/www.baerenfunk.de\/index.php\/wp-json\/wp\/v2\/posts\/2739\/revisions"}],"predecessor-version":[{"id":2768,"href":"https:\/\/www.baerenfunk.de\/index.php\/wp-json\/wp\/v2\/posts\/2739\/revisions\/2768"}],"wp:attachment":[{"href":"https:\/\/www.baerenfunk.de\/index.php\/wp-json\/wp\/v2\/media?parent=2739"}],"wp:term":[{"taxonomy":"category","embeddable":true,"href":"https:\/\/www.baerenfunk.de\/index.php\/wp-json\/wp\/v2\/categories?post=2739"},{"taxonomy":"post_tag","embeddable":true,"href":"https:\/\/www.baerenfunk.de\/index.php\/wp-json\/wp\/v2\/tags?post=2739"}],"curies":[{"name":"wp","href":"https:\/\/api.w.org\/{rel}","templated":true}]}}