{"id":271,"date":"2018-11-28T21:01:11","date_gmt":"2018-11-28T20:01:11","guid":{"rendered":"http:\/\/www.baerenfunk.de\/?p=271"},"modified":"2019-11-15T12:44:15","modified_gmt":"2019-11-15T11:44:15","slug":"bericht-vom-ov-abend-am-14-11-2018","status":"publish","type":"post","link":"https:\/\/www.baerenfunk.de\/index.php\/2018\/11\/28\/bericht-vom-ov-abend-am-14-11-2018\/","title":{"rendered":"Bericht vom OV-Abend am 14.11.2018"},"content":{"rendered":"<p>Wir hatten wieder eine stattliche Anzahl von Teilnehmern: mehr als 2\/3 der Mitglieder des Ortsverbandes waren anwesend. Auch wenn es erst nach weniger aussah &#8211; letztendlich umfasste unsere Tagesordnung diesmal viele Punkte, also: eins nach dem Anderen:<\/p>\n<p><strong>Funkbetrieb<\/strong><\/p>\n<ul>\n<li style=\"list-style-type: none;\">\n<ul>\n<li style=\"list-style-type: none\">\n<ul>\n<li>Wir gratulieren Stefan, DJ1SL zu seiner guten Platzierung beim WAG 2018. Stefan hat in der Klasse mixed, low power = 100 W maximal den 10. Platz belegt.<\/li>\n<li>Wir danken J\u00f6rg, DO1JAW f\u00fcr die schnelle Umsetzung unserer Idee des Funkanh\u00e4ngers. In den n\u00e4chsten Wochen werden wir zur Inventarisierung schreiten und dann schauen, was sinnvollerweise noch in den Anh\u00e4nger sollte.<\/li>\n<li>Tom, DL9OBD und Eugen, DL5UHR regen die Beantragung eines neuen Contest-Rufzeichens an. Es soll erstmals beim 160 Meter Contest SSB eingesetzt werden<\/li>\n<\/ul>\n<\/li>\n<\/ul>\n<\/li>\n<\/ul>\n<p><strong>KatSchutz-Lehrgang<br \/>\n<\/strong>Hierzu gibt es bereits einen Bericht in der Kategorie Notfunk&#8230;<\/p>\n<p><strong>Wir funken mit dem Weihnachtsmann&#8230;<\/strong><br \/>\n<img loading=\"lazy\" decoding=\"async\" class=\"alignnone size-full wp-image-272\" src=\"http:\/\/p15142392.pureserver.info\/wp-content\/uploads\/2018\/11\/of9x_2016_png.jpg\" alt=\"\" width=\"798\" height=\"512\" srcset=\"https:\/\/www.baerenfunk.de\/wp-content\/uploads\/2018\/11\/of9x_2016_png.jpg 798w, https:\/\/www.baerenfunk.de\/wp-content\/uploads\/2018\/11\/of9x_2016_png-300x192.jpg 300w, https:\/\/www.baerenfunk.de\/wp-content\/uploads\/2018\/11\/of9x_2016_png-768x493.jpg 768w\" sizes=\"(max-width: 767px) 89vw, (max-width: 1000px) 54vw, (max-width: 1071px) 543px, 580px\" \/>Im Rahmen des Programmes &#8222;Lebendiger Adventskalenders Linden&#8220; \u00f6ffnen wir am Sonntag, den 23.12.2018 von 13:00 bis 18:00 Uhr den Container. Es gibt Gl\u00fchpunsch, Pl\u00e4tzchen und wir funken mit dem Weihnachtsmann. Zumindest werden wir versuchen, eine Funkverbindung mit der finnischen Santa-Claus Station OF9X zu bekommen, damit Kinder ihre Weihnachtsw\u00fcnsche abgeben k\u00f6nnen&#8230; OF9X ist vom 23.12.2018 bis zum 25.12.2018 QRV.<\/p>\n<p><strong>Amateurfunkpr\u00fcfung f\u00fcr aktive ASBler<\/strong><br \/>\nAm Mittwoch, den 05.12.2018 gehen einige Aktive des ASB Hannover Stadt zum Amateurfunk-Pr\u00fcfung. Wir w\u00fcnschen ihnen viel Erfolg!<\/p>\n<p><strong>Funkbetrieb vom Container aus<\/strong><br \/>\nAm Samstag, den 08.12.2018 findet am Nachmittag (ca. 14.00 Uhr bis 17.00 Uhr) Funkbetrieb vom Container auf dem Lindener Berg aus statt. Auch wenn zeitgleich der Dortmunder Amateurfunk-Flohmarkt ist, besteht insbesondere f\u00fcr die neu lizensierten OMS die Gelegenheit ein wenig Funkbetrieb zu machen. Gleichzeitig soll das Setting der Station DL0TY f\u00fcr den Kontakt mit OF9X getestet werden.<\/p>\n<p><strong>Themennachmittag &#8222;Betriebsarten im Amateurfunk&#8220;<\/strong><br \/>\nIm Januar\/Februar werden wir einen Themennachmittag organisieren, an dem m\u00f6glichst viele Betriebsarten im Amateurfunk &#8211; &#8222;Spielarten&#8220; des Amateurfunk live gezeigt werden und es Kurzreferate zu den gezeigten Betriebsarten gibt. F\u00fcr die Terminfindung soll eine Doodle-Abfrage erstellt werden. Hierzu demn\u00e4chst mehr.<\/p>\n<p><strong>Bericht vom Schulkontakt mit der ISS<\/strong><br \/>\nJan berichtet vom Schulkontakt des Gymnasiums Soltau mit der ISS. Ein Link zum ausf\u00fchrlichen Bericht findet Ihr in der Rubrik &#8222;Funkbetrieb&#8220;.<\/p>\n<p><strong>Funkanh\u00e4nger<\/strong><br \/>\nJ\u00f6rg, DO1JAW hat den Funkanh\u00e4nger mitgebracht und wir konnten ihn uns &#8222;live&#8220; ansehen. Im Funkanh\u00e4nger ist die gesamte WRTC-Ausr\u00fcstung verstaut. Sp\u00e4testens im Fr\u00fchjahr werden wir ihn einmal &#8222;testen&#8220;.<\/p>\n<p><strong>Neues in der PI-Star Software<\/strong><br \/>\nKarsten, DJ1KS zeigt die neue POCSAC-Funktion der Software PI-Star. \u00dcber POCSAC ist der Austausch von Kurzmitteilungen m\u00f6glich &#8211; etwas, das vor einigen Jahren kommerziell von QUIX betrieben wurde. In diesem Zusammenhang wird der OVV kl\u00e4ren, zu welchen Konditionen wir als Sammelbestellung einen aktuelleren Funkrufempf\u00e4nger bestellen k\u00f6nnen.<\/p>\n<p><strong>Gr\u00fcnkohlessen<\/strong><br \/>\nAm letzten OV-Abend des Jahres wird wieder unser schon traditionelles Gr\u00fcnkohlessen stattfinden. F\u00fcr EUR 14.50 wird es Gr\u00fcnkohl, Wurst und Kassler von Buffet geben. Anmeldungen nimmt ab sofort Roland, DF1OE per email entgegen.<\/p>\n","protected":false},"excerpt":{"rendered":"<p>Wir hatten wieder eine stattliche Anzahl von Teilnehmern: mehr als 2\/3 der Mitglieder des Ortsverbandes waren anwesend. Auch wenn es erst nach weniger aussah &#8211; letztendlich umfasste unsere Tagesordnung diesmal &hellip; <\/p>\n<p class=\"link-more\"><a href=\"https:\/\/www.baerenfunk.de\/index.php\/2018\/11\/28\/bericht-vom-ov-abend-am-14-11-2018\/\" class=\"more-link\"><span class=\"screen-reader-text\">\u201eBericht vom OV-Abend am 14.11.2018\u201c<\/span> weiterlesen<\/a><\/p>\n","protected":false},"author":1,"featured_media":0,"comment_status":"open","ping_status":"open","sticky":false,"template":"","format":"standard","meta":{"footnotes":""},"categories":[75],"tags":[],"_links":{"self":[{"href":"https:\/\/www.baerenfunk.de\/index.php\/wp-json\/wp\/v2\/posts\/271"}],"collection":[{"href":"https:\/\/www.baerenfunk.de\/index.php\/wp-json\/wp\/v2\/posts"}],"about":[{"href":"https:\/\/www.baerenfunk.de\/index.php\/wp-json\/wp\/v2\/types\/post"}],"author":[{"embeddable":true,"href":"https:\/\/www.baerenfunk.de\/index.php\/wp-json\/wp\/v2\/users\/1"}],"replies":[{"embeddable":true,"href":"https:\/\/www.baerenfunk.de\/index.php\/wp-json\/wp\/v2\/comments?post=271"}],"version-history":[{"count":1,"href":"https:\/\/www.baerenfunk.de\/index.php\/wp-json\/wp\/v2\/posts\/271\/revisions"}],"predecessor-version":[{"id":1045,"href":"https:\/\/www.baerenfunk.de\/index.php\/wp-json\/wp\/v2\/posts\/271\/revisions\/1045"}],"wp:attachment":[{"href":"https:\/\/www.baerenfunk.de\/index.php\/wp-json\/wp\/v2\/media?parent=271"}],"wp:term":[{"taxonomy":"category","embeddable":true,"href":"https:\/\/www.baerenfunk.de\/index.php\/wp-json\/wp\/v2\/categories?post=271"},{"taxonomy":"post_tag","embeddable":true,"href":"https:\/\/www.baerenfunk.de\/index.php\/wp-json\/wp\/v2\/tags?post=271"}],"curies":[{"name":"wp","href":"https:\/\/api.w.org\/{rel}","templated":true}]}}