{"id":2700,"date":"2024-11-14T21:28:25","date_gmt":"2024-11-14T20:28:25","guid":{"rendered":"https:\/\/www.baerenfunk.de\/?p=2700"},"modified":"2024-11-30T16:45:42","modified_gmt":"2024-11-30T15:45:42","slug":"bericht-ov-abend-november-2024","status":"publish","type":"post","link":"https:\/\/www.baerenfunk.de\/index.php\/2024\/11\/14\/bericht-ov-abend-november-2024\/","title":{"rendered":"Bericht OV-Abend November 2024"},"content":{"rendered":"\n<p><\/p>\n\n\n\n<p>OV-Abend Er\u00f6ffnung durch Roland (DF1OE) und Kai (DO9KAS) mit 20 Teilnehmern<\/p>\n\n\n\n<p><strong>Maustag 2024<\/strong><\/p>\n\n\n\n<p>Roland (DF1OE) hat noch einmal seinen Dank f\u00fcr den durchgef\u00fchrten Maustag an alle Beteiligten ausgesprochen,  wenn noch Quittungen vorhanden dann bitte als Mail an Roland zwecks Abrechnung schicken.<\/p>\n\n\n\n<p><strong>Kooperation mit dem ASB und weiteres Verfahren mit dem vorhandenen Mast<\/strong><\/p>\n\n\n\n<p>Roland best\u00e4tigt das die Kooperation mit dem ASB aufgel\u00f6st wird.  Zum Thema Mast Lagerplatz : wenn nicht vor Ort dringend ben\u00f6tigt dann Lagerung in Wildeshausen, oder Verkauf. K\u00fcndigungsschreiben geht Ende des Jahres von Roland an den ASB raus. Vorschlag von Pom (DG7AC) : Mast nicht zu weit weg legen, da h\u00e4ufiger Fielddays gemacht werden, k\u00f6nnte dann dazu genutzt werden. Abschliesend noch keine Entscheidung getroffen wie mit dem Mast weiter zu verfahren, bzw. wo die Lagerung abschliessend stattfindet<\/p>\n\n\n\n<p><strong>Ehrungen<\/strong><\/p>\n\n\n\n<p>Als n\u00e4chster Tagespunkt bekamen nun auch ein paar OM\u00b4s Urkunden bez\u00fcglich W\u00fcrdigung ihrer Leistungen.<\/p>\n\n\n\n<figure class=\"wp-block-image size-full\"><img loading=\"lazy\" decoding=\"async\" width=\"640\" height=\"480\" src=\"https:\/\/www.baerenfunk.de\/wp-content\/uploads\/2024\/11\/mittel-img_7616.jpeg\" alt=\"\" class=\"wp-image-2701\" srcset=\"https:\/\/www.baerenfunk.de\/wp-content\/uploads\/2024\/11\/mittel-img_7616.jpeg 640w, https:\/\/www.baerenfunk.de\/wp-content\/uploads\/2024\/11\/mittel-img_7616-300x225.jpeg 300w\" sizes=\"(max-width: 640px) 100vw, 640px\" \/><\/figure>\n\n\n\n<p>POM DG7AC\/DP9X und Gerd DL5BBH bekamen jeweils eine Urkunde.<\/p>\n\n\n\n<figure class=\"wp-block-image size-full is-resized\"><img loading=\"lazy\" decoding=\"async\" width=\"640\" height=\"480\" src=\"https:\/\/www.baerenfunk.de\/wp-content\/uploads\/2024\/11\/mittel-img_7623.jpeg\" alt=\"\" class=\"wp-image-2702\" style=\"width:674px;height:auto\" srcset=\"https:\/\/www.baerenfunk.de\/wp-content\/uploads\/2024\/11\/mittel-img_7623.jpeg 640w, https:\/\/www.baerenfunk.de\/wp-content\/uploads\/2024\/11\/mittel-img_7623-300x225.jpeg 300w\" sizes=\"(max-width: 640px) 100vw, 640px\" \/><\/figure>\n\n\n\n<p>DG7AC im HSW-Contest 2024 erreichte den 92. Platz in der Gesamtwertung und den 28. Platz im Distrikt H, dazu noch als DP9X den 2. Platz in der Kategorie VHF-Mix in der Gesamtwertung und im Distrikt H den 1.Platz.<\/p>\n\n\n\n<figure class=\"wp-block-image size-full\"><img loading=\"lazy\" decoding=\"async\" width=\"640\" height=\"480\" src=\"https:\/\/www.baerenfunk.de\/wp-content\/uploads\/2024\/11\/mittel-img_7632.jpeg\" alt=\"\" class=\"wp-image-2703\" srcset=\"https:\/\/www.baerenfunk.de\/wp-content\/uploads\/2024\/11\/mittel-img_7632.jpeg 640w, https:\/\/www.baerenfunk.de\/wp-content\/uploads\/2024\/11\/mittel-img_7632-300x225.jpeg 300w\" sizes=\"(max-width: 640px) 100vw, 640px\" \/><\/figure>\n\n\n\n<p>Gerd (DL5BBH) beim HSW-Contest 2024 in der Kategorie VHF-Mix den 52.Platz in der Gesamtwertung und den 16.Platz im Distrikt H.<\/p>\n\n\n\n<p>Den genannten OM\u00b4s herzlichen Gl\u00fcckwunsch! &#8230; Und eine Dank an Niels, der die Urkunden von der Distriktsversammlung mitbrachte.<\/p>\n\n\n\n<p><strong>DB0TVH<\/strong><\/p>\n\n\n\n<p>DB0TVH hat aktuell ein neues Tausch-Relais, hierzu tr\u00e4gt Tom vor:  Nach Andreas (DG4OAE) wird empfohlen sich an den Distrikt zu wenden, wenn neues Relais ben\u00f6tigt wird oder Interesse an den gesprendeten Hytera-Ger\u00e4ten besteht. Dazu mussten viele Fragen von Tom beantwortet werden, letztendlich g\u00e4be es das Relais dann nur Leihweise und wenn defekt dann zahlt derjenige wer unterschrieben hat. Macht daher so keinen Sinn. Sinnvoll w\u00e4re es dann eher selber kaufen, da aktuell so vom Distrikt zu viel B\u00fcrokratie f\u00fcr zu wenig Nutzen. Das DR-1 von Yaesu hatte leider nach ein paar Wochen Betrieb den bekannten Endstufen-Fehler. Es befindt sich jetzt bei Roland zur Reparatur und wird danach wieder als Ersatz-Relais auf dem Bredero sein. Langfristig soll wieder ein Ger\u00e4t installiert werden, welches nicht in den Pool der Austauschger\u00e4te geh\u00f6rt.<\/p>\n\n\n\n<p><strong>F\u00f6rderverein Amateurfunk Region Hannover<\/strong><\/p>\n\n\n\n<p>Zum F\u00f6rderverein Amateurfunk Region Hannover trug Roland vor; aktuell ist in dem Bereich etwas Ruhe eingekehrt (viele unterschiedliche pers\u00f6nliche Belange die dazu beitrugen) , wird Anfang 2025 dann wieder weiter gehen. Voraussichtlich dann ein Seminar im Angebot. Positiv: im Distrikt wurde nun ein Augenmerk darauf gelegt, das man doch mehr Vernetzungen haben sollte, welche dem Hobby dienen. Dennoch war der Verein nichjt ganz Unt\u00e4tig:: Es gab Arbeiten an mehreren Standorten, unter anderem auf dem Uni-Geb\u00e4ude, bei dem derzeit das Dach saniert wird.<\/p>\n\n\n\n<p><strong>Allgemeines<\/strong><\/p>\n\n\n\n<ul>\n<li>Axel (DG1OBD): es passiert viel im Hintergrund; Reparaturen finden regelm\u00e4ssig statt.<\/li>\n\n\n\n<li>Gerd (DL5BBH): bez\u00fcglich dem Baumschnitt am Funkcontainer wurden viele Telefonate (u. a. mit dem obersten Baumpfleger) durchgef\u00fchrt, viele nicht zust\u00e4ndig. Dennoch kam des zust\u00e4ndig verantwortlichen Baumpfleger die Antwort das diese Saison keine Schnittarbeiten mehr stattfinden, man sich das vor Ort aber durchaus noch mal ansehen wird.<\/li>\n\n\n\n<li>Kai (DO9KAS): Dieses WE (15.-17.11.2024) findet wieder ein EME-Experimente statt, wer m\u00f6chte kann mitkommen bzw. gerne auch vorbeikommen.  Freitag bis Sonntag in Wildeshausen. Alle sind herzlich eingeladen, ohne LORA und DMR-Ger\u00e4te :-). N\u00e4here Informationen dann \u00fcber KAI<\/li>\n<\/ul>\n","protected":false},"excerpt":{"rendered":"<p>OV-Abend Er\u00f6ffnung durch Roland (DF1OE) und Kai (DO9KAS) mit 20 Teilnehmern Maustag 2024 Roland (DF1OE) hat noch einmal seinen Dank f\u00fcr den durchgef\u00fchrten Maustag an alle Beteiligten ausgesprochen, wenn noch &hellip; <\/p>\n<p class=\"link-more\"><a href=\"https:\/\/www.baerenfunk.de\/index.php\/2024\/11\/14\/bericht-ov-abend-november-2024\/\" class=\"more-link\"><span class=\"screen-reader-text\">\u201eBericht OV-Abend November 2024\u201c<\/span> weiterlesen<\/a><\/p>\n","protected":false},"author":13,"featured_media":0,"comment_status":"closed","ping_status":"closed","sticky":false,"template":"","format":"standard","meta":{"footnotes":""},"categories":[4,75],"tags":[124,129,15,21],"_links":{"self":[{"href":"https:\/\/www.baerenfunk.de\/index.php\/wp-json\/wp\/v2\/posts\/2700"}],"collection":[{"href":"https:\/\/www.baerenfunk.de\/index.php\/wp-json\/wp\/v2\/posts"}],"about":[{"href":"https:\/\/www.baerenfunk.de\/index.php\/wp-json\/wp\/v2\/types\/post"}],"author":[{"embeddable":true,"href":"https:\/\/www.baerenfunk.de\/index.php\/wp-json\/wp\/v2\/users\/13"}],"replies":[{"embeddable":true,"href":"https:\/\/www.baerenfunk.de\/index.php\/wp-json\/wp\/v2\/comments?post=2700"}],"version-history":[{"count":7,"href":"https:\/\/www.baerenfunk.de\/index.php\/wp-json\/wp\/v2\/posts\/2700\/revisions"}],"predecessor-version":[{"id":2736,"href":"https:\/\/www.baerenfunk.de\/index.php\/wp-json\/wp\/v2\/posts\/2700\/revisions\/2736"}],"wp:attachment":[{"href":"https:\/\/www.baerenfunk.de\/index.php\/wp-json\/wp\/v2\/media?parent=2700"}],"wp:term":[{"taxonomy":"category","embeddable":true,"href":"https:\/\/www.baerenfunk.de\/index.php\/wp-json\/wp\/v2\/categories?post=2700"},{"taxonomy":"post_tag","embeddable":true,"href":"https:\/\/www.baerenfunk.de\/index.php\/wp-json\/wp\/v2\/tags?post=2700"}],"curies":[{"name":"wp","href":"https:\/\/api.w.org\/{rel}","templated":true}]}}