{"id":2669,"date":"2024-09-28T16:07:50","date_gmt":"2024-09-28T15:07:50","guid":{"rendered":"https:\/\/www.baerenfunk.de\/?p=2669"},"modified":"2024-09-28T18:22:52","modified_gmt":"2024-09-28T17:22:52","slug":"bericht-ov-abend-september-2024","status":"publish","type":"post","link":"https:\/\/www.baerenfunk.de\/index.php\/2024\/09\/28\/bericht-ov-abend-september-2024\/","title":{"rendered":"Bericht OV-Abend September 2024"},"content":{"rendered":"\n<p>Hier der Bericht von dem letzten vom OV-Abend 11.09.2024, f\u00fcr alle die nicht dabei sein konnten.<\/p>\n\n\n\n<p>Der OVV Roland ( DF1OE) konnte eine grosse Runde inkl G\u00e4sten begr\u00fcssen, dieses waren Sabrina (DO8XK) und Holger (DO4BZ)  und  Niels <strong>(<\/strong>DH8ND) von H13. Als Punkte gab es lediglich zwei Punkte:  die zuk\u00fcnftige Zusammenarbeit des OV H48 mit dem ASB und kurz vor Beginn des Maustags noch ein Sachstandsbericht, nebst Feinabsprachen, zum  Termin am  03.10.2024.<\/p>\n\n\n\n<h2 class=\"wp-block-heading has-medium-font-size\" style=\"font-style:normal;font-weight:700\"><strong>Zusammenarbeit H48 mit ASB<\/strong><\/h2>\n\n\n\n<p>Als erstes trug Roland bez\u00fcglich dem weiteren Vorgehen mit dem ASB vor. Der Mast soll wieder zur\u00fcck in den eigenen Verantwortungsbereich des H48, wodurch nun Gespr\u00e4chen zwischen Roland und dem ASB stattfinden werden. Christian hat sich bereit erkl\u00e4rt dem Ortsverand H48 eine kostenfreie M\u00f6glichkeit zur Einlagerung des Mastes zu erm\u00f6glichen.<\/p>\n\n\n\n<h2 class=\"wp-block-heading has-medium-font-size\" style=\"font-style:normal;font-weight:700\"><strong>Maustag 03.10.2024<\/strong><\/h2>\n\n\n\n<p>Als letzten Punkt trug Andreas (DO1KAM) zu dem aktuellen Sachstand des Maustags vor. Die Planung steht soweit das wir uns (die bereits bekannten Unterst\u00fctzer und wer gerne an dem Tag noch unterst\u00fctzen m\u00f6chte) am 03.10.2024 um 09:00 Uhr am Funkcontainer treffen werden. Zeitansatz bis 16:00 Uhr (wenn eher fertig dann Abbau).  Sabrina wird noch abkl\u00e4ren von wem wir Sender und Peilempf\u00e4nger f\u00fcr eine Fuchsjagd bekommen. Toiletten wird Andreas bei dem Biergarten Lindener Turm erfragen. Stefan (DF3SR)  wird noch QSL-Karten bereitstellen und eine Funkweltkarte der Funkamateure anfertigen, damit die Kinder dann die Karten den Landeskennern zuordnen k\u00f6nnen. Dar\u00fcber werden nun auch vermehrt Medien genutzt um auf den Tag hinzuweisen.  Axel hat sich bereit erkl\u00e4rt Muffins an dem Tag mitzubringen.  Getr\u00e4nke und S\u00fc\u00dfigkeiten wird Andreas kaufen. Christian wird dem OV QSL-Karten geben, damit die Kinder nach erfolgerichem GSO auch eine eigene Karte bekommen.  Sollte Jemanden noch etwas wesentliches f\u00fcr den Maustag einfallen, dann einfach Andreas anschreiben (DO1KAM(at)darc.de)<\/p>\n","protected":false},"excerpt":{"rendered":"<p>Hier der Bericht von dem letzten vom OV-Abend 11.09.2024, f\u00fcr alle die nicht dabei sein konnten. Der OVV Roland ( DF1OE) konnte eine grosse Runde inkl G\u00e4sten begr\u00fcssen, dieses waren &hellip; <\/p>\n<p class=\"link-more\"><a href=\"https:\/\/www.baerenfunk.de\/index.php\/2024\/09\/28\/bericht-ov-abend-september-2024\/\" class=\"more-link\"><span class=\"screen-reader-text\">\u201eBericht OV-Abend September 2024\u201c<\/span> weiterlesen<\/a><\/p>\n","protected":false},"author":13,"featured_media":0,"comment_status":"closed","ping_status":"closed","sticky":false,"template":"","format":"standard","meta":{"footnotes":""},"categories":[4,75],"tags":[124,129,15,21],"_links":{"self":[{"href":"https:\/\/www.baerenfunk.de\/index.php\/wp-json\/wp\/v2\/posts\/2669"}],"collection":[{"href":"https:\/\/www.baerenfunk.de\/index.php\/wp-json\/wp\/v2\/posts"}],"about":[{"href":"https:\/\/www.baerenfunk.de\/index.php\/wp-json\/wp\/v2\/types\/post"}],"author":[{"embeddable":true,"href":"https:\/\/www.baerenfunk.de\/index.php\/wp-json\/wp\/v2\/users\/13"}],"replies":[{"embeddable":true,"href":"https:\/\/www.baerenfunk.de\/index.php\/wp-json\/wp\/v2\/comments?post=2669"}],"version-history":[{"count":11,"href":"https:\/\/www.baerenfunk.de\/index.php\/wp-json\/wp\/v2\/posts\/2669\/revisions"}],"predecessor-version":[{"id":2695,"href":"https:\/\/www.baerenfunk.de\/index.php\/wp-json\/wp\/v2\/posts\/2669\/revisions\/2695"}],"wp:attachment":[{"href":"https:\/\/www.baerenfunk.de\/index.php\/wp-json\/wp\/v2\/media?parent=2669"}],"wp:term":[{"taxonomy":"category","embeddable":true,"href":"https:\/\/www.baerenfunk.de\/index.php\/wp-json\/wp\/v2\/categories?post=2669"},{"taxonomy":"post_tag","embeddable":true,"href":"https:\/\/www.baerenfunk.de\/index.php\/wp-json\/wp\/v2\/tags?post=2669"}],"curies":[{"name":"wp","href":"https:\/\/api.w.org\/{rel}","templated":true}]}}