{"id":2663,"date":"2024-08-18T12:04:05","date_gmt":"2024-08-18T11:04:05","guid":{"rendered":"https:\/\/www.baerenfunk.de\/?p=2663"},"modified":"2024-08-18T12:05:27","modified_gmt":"2024-08-18T11:05:27","slug":"bericht-vom-ov-abend-august-2024","status":"publish","type":"post","link":"https:\/\/www.baerenfunk.de\/index.php\/2024\/08\/18\/bericht-vom-ov-abend-august-2024\/","title":{"rendered":"Bericht OV-Abend August 2024"},"content":{"rendered":"\n<p>Bei gutem Wetter war unser OV-Abend sehr gut besucht &#8211; mehr als 25 anwesende Funkamateure f\u00fcllten die Terasse der Lindener Berggastst\u00e4tte. Wir konnten als G\u00e4ste unter anderem Sabrina, DO7XK, AJW-Referentin des Distriktes Niedersachsen, Niels, DH8ND (stv. OVV H13) und auch Holger, DO4BZ (H42) begr\u00fc\u00dfen.<\/p>\n\n\n\n<p>Nach dem gemeinsamen Abendessen wurden von uns dann die folgenden Themen angesprochen:<\/p>\n\n\n\n<p><strong>Maustag, 3. Oktober 2024<\/strong><br>es gab eineige &#8222;last-minute&#8220; Absprachen f\u00fcr den Druck der Plakate zum Maustag und f\u00fcr die Mitnahme eines Exemplares auf die Maker-Faire. Niels, DH8ND erkl\u00e4rte sich bereit, das Plakat mit zum Stand von H13 zu nehmen. Stefan DF3SR wird statt einer Powerpoint-Pr\u00e4sentation eine gro\u00dfe Pinwand mit Weltkarte der Prefixe bereitstellen. Kinder sollen sich dann aus einer Kiste eine QSL-Karte ziehen und einen Pin dorthin setzen.  Aus mehreren Richtungen gab es das Angebot, einmal nach PMR-Funkger\u00e4ten zu schauen, damit man den Kindren und Jugendlichen ein kleines Funkerlebnis untereinander verschaffen kann. Seitens Sabrina (AJW) wird gepr\u00fcft, ob die 2-Meter Peiler Es gibt eine Telegramm-Gruppe zur Vorbereitung des Maustages &#8211; wer mit unterst\u00fctzen will kann gerne Andreas, DO1KAM um Aufnahme bitten.  <\/p>\n\n\n\n<p><strong>Kooperation mit dem ASB<\/strong><br>Die Abteilung &#8222;IT und Kommunikation&#8220; beim ASB hat Ihre Arbeit beim ASB eingestellt. Das hat leider auch Auswirkungen auf unsere Kooperation mit dam ASB. Der OVV wird Kontakt zur Gesch\u00e4ftsf\u00fchrung des ASB Ortsverbandes Hannover aufnehmen. Unter anderem ist der Verbleib der beim ASB gelagerten WRTC Ausstattung zu kl\u00e4ren.<\/p>\n\n\n\n<p><strong>Herbstfieldday<\/strong><br>Aus Hameln kamvon Fatima das &#8222;Okay&#8220; f\u00fcr das Wochenede vom 13. bis zum 15 September. Anmeldungen etc. wie immer direkt an den Zeltplatz Alpha One.<\/p>\n","protected":false},"excerpt":{"rendered":"<p>Bei gutem Wetter war unser OV-Abend sehr gut besucht &#8211; mehr als 25 anwesende Funkamateure f\u00fcllten die Terasse der Lindener Berggastst\u00e4tte. Wir konnten als G\u00e4ste unter anderem Sabrina, DO7XK, AJW-Referentin &hellip; <\/p>\n<p class=\"link-more\"><a href=\"https:\/\/www.baerenfunk.de\/index.php\/2024\/08\/18\/bericht-vom-ov-abend-august-2024\/\" class=\"more-link\"><span class=\"screen-reader-text\">\u201eBericht OV-Abend August 2024\u201c<\/span> weiterlesen<\/a><\/p>\n","protected":false},"author":1,"featured_media":0,"comment_status":"closed","ping_status":"closed","sticky":false,"template":"","format":"standard","meta":{"footnotes":""},"categories":[75],"tags":[128,114,42],"_links":{"self":[{"href":"https:\/\/www.baerenfunk.de\/index.php\/wp-json\/wp\/v2\/posts\/2663"}],"collection":[{"href":"https:\/\/www.baerenfunk.de\/index.php\/wp-json\/wp\/v2\/posts"}],"about":[{"href":"https:\/\/www.baerenfunk.de\/index.php\/wp-json\/wp\/v2\/types\/post"}],"author":[{"embeddable":true,"href":"https:\/\/www.baerenfunk.de\/index.php\/wp-json\/wp\/v2\/users\/1"}],"replies":[{"embeddable":true,"href":"https:\/\/www.baerenfunk.de\/index.php\/wp-json\/wp\/v2\/comments?post=2663"}],"version-history":[{"count":2,"href":"https:\/\/www.baerenfunk.de\/index.php\/wp-json\/wp\/v2\/posts\/2663\/revisions"}],"predecessor-version":[{"id":2665,"href":"https:\/\/www.baerenfunk.de\/index.php\/wp-json\/wp\/v2\/posts\/2663\/revisions\/2665"}],"wp:attachment":[{"href":"https:\/\/www.baerenfunk.de\/index.php\/wp-json\/wp\/v2\/media?parent=2663"}],"wp:term":[{"taxonomy":"category","embeddable":true,"href":"https:\/\/www.baerenfunk.de\/index.php\/wp-json\/wp\/v2\/categories?post=2663"},{"taxonomy":"post_tag","embeddable":true,"href":"https:\/\/www.baerenfunk.de\/index.php\/wp-json\/wp\/v2\/tags?post=2663"}],"curies":[{"name":"wp","href":"https:\/\/api.w.org\/{rel}","templated":true}]}}