{"id":2653,"date":"2024-07-30T20:03:33","date_gmt":"2024-07-30T19:03:33","guid":{"rendered":"https:\/\/www.baerenfunk.de\/?p=2653"},"modified":"2024-09-28T16:09:58","modified_gmt":"2024-09-28T15:09:58","slug":"hannoversche-funkamateure-und-die-maus","status":"publish","type":"post","link":"https:\/\/www.baerenfunk.de\/index.php\/2024\/07\/30\/hannoversche-funkamateure-und-die-maus\/","title":{"rendered":"Hannoversche Funkamateure und die Maus"},"content":{"rendered":"\n<figure class=\"wp-block-image size-large\"><img loading=\"lazy\" decoding=\"async\" width=\"1024\" height=\"483\" src=\"https:\/\/www.baerenfunk.de\/wp-content\/uploads\/2024\/07\/tueren_auf-1024x483.jpg\" alt=\"\" class=\"wp-image-2655\" srcset=\"https:\/\/www.baerenfunk.de\/wp-content\/uploads\/2024\/07\/tueren_auf-1024x483.jpg 1024w, https:\/\/www.baerenfunk.de\/wp-content\/uploads\/2024\/07\/tueren_auf-300x141.jpg 300w, https:\/\/www.baerenfunk.de\/wp-content\/uploads\/2024\/07\/tueren_auf-768x362.jpg 768w, https:\/\/www.baerenfunk.de\/wp-content\/uploads\/2024\/07\/tueren_auf.jpg 1037w\" sizes=\"(max-width: 767px) 89vw, (max-width: 1000px) 54vw, (max-width: 1071px) 543px, 580px\" \/><\/figure>\n\n\n\n<p><br>T\u00fcren auf! &#8211; das ist das Motto des &#8222;Maustages&#8220; der Sendung mit der Maus des WDR. Dieser Aktionstag findet allj\u00e4hrlich am 03. Oktober statt. Er bietet Vereinen, Unternehmen, Beh\u00f6rden und vielen anderen Institutionen die Chance den MausFans Einblicke in ihre Arbeit zu geben. <\/p>\n\n\n\n<p>In diesem Jahr sind Hannovers Funkamateure mit dabei: Sie \u00f6ffnen ihre Funkstation auf dem Lindener Berg. Der abenteuerlich aussehende Funkcontainer befindet sich auf dem ehemaligen Priessnitz-Gel\u00e4nde in den Kleing\u00e4rten in Hannover-Linden. <\/p>\n\n\n\n<p>Am Maustag gibt in und um der Funkstation Antworten auf viele Fragen rund um den Amateurfunk. Und die Kinder k\u00f6nnen per Funk mit anderen Maustag-Funkstation in Deutschland sprechen und versuchen, einen versteckten Sender zu finden. <\/p>\n\n\n\n<p>Seit Herbst 2009 betreiben die Funkamateure des Ortsverbandes Hannover Schwarzer B\u00e4r H48 im Deutschen Amateur Radio Club ihre Anlage in einem Container auf dem Lindener Berg. <\/p>\n\n\n\n<p>Mit Ihren Antennen k\u00f6nnen sie Funkverbindungen in die ganze Welt t\u00e4tigen &#8211; auf dem Lindener Berg wird der Strom hierf\u00fcr sogar \u00fcber eine Solaranlage bezogen. Am Maustag wird der Funkcontainer von 11:00 bis 16:00 Uhr f\u00fcr Klein und Gro\u00df ge\u00f6ffnet sein. <\/p>\n\n\n\n<p>Anmelden k\u00f6nnen sich Kinder und Eltern f\u00fcr den Besuch auf der Webseite der Funkamateure, hier<br><a href=\"https:\/\/www.baerenfunk.de\/index.php\/event\/tueren-auf-mit-der-maus-2024\/\" target=\"_blank\" rel=\"noreferrer noopener\">https:\/\/www.baerenfunk.de\/index.php\/event\/tueren-auf-mit-der-maus-2024\/<\/a><\/p>\n","protected":false},"excerpt":{"rendered":"<p>T\u00fcren auf! &#8211; das ist das Motto des &#8222;Maustages&#8220; der Sendung mit der Maus des WDR. Dieser Aktionstag findet allj\u00e4hrlich am 03. Oktober statt. Er bietet Vereinen, Unternehmen, Beh\u00f6rden und &hellip; <\/p>\n<p class=\"link-more\"><a href=\"https:\/\/www.baerenfunk.de\/index.php\/2024\/07\/30\/hannoversche-funkamateure-und-die-maus\/\" class=\"more-link\"><span class=\"screen-reader-text\">\u201eHannoversche Funkamateure und die Maus\u201c<\/span> weiterlesen<\/a><\/p>\n","protected":false},"author":1,"featured_media":0,"comment_status":"closed","ping_status":"closed","sticky":false,"template":"","format":"standard","meta":{"footnotes":""},"categories":[4],"tags":[124,15,114,125,21],"_links":{"self":[{"href":"https:\/\/www.baerenfunk.de\/index.php\/wp-json\/wp\/v2\/posts\/2653"}],"collection":[{"href":"https:\/\/www.baerenfunk.de\/index.php\/wp-json\/wp\/v2\/posts"}],"about":[{"href":"https:\/\/www.baerenfunk.de\/index.php\/wp-json\/wp\/v2\/types\/post"}],"author":[{"embeddable":true,"href":"https:\/\/www.baerenfunk.de\/index.php\/wp-json\/wp\/v2\/users\/1"}],"replies":[{"embeddable":true,"href":"https:\/\/www.baerenfunk.de\/index.php\/wp-json\/wp\/v2\/comments?post=2653"}],"version-history":[{"count":4,"href":"https:\/\/www.baerenfunk.de\/index.php\/wp-json\/wp\/v2\/posts\/2653\/revisions"}],"predecessor-version":[{"id":2661,"href":"https:\/\/www.baerenfunk.de\/index.php\/wp-json\/wp\/v2\/posts\/2653\/revisions\/2661"}],"wp:attachment":[{"href":"https:\/\/www.baerenfunk.de\/index.php\/wp-json\/wp\/v2\/media?parent=2653"}],"wp:term":[{"taxonomy":"category","embeddable":true,"href":"https:\/\/www.baerenfunk.de\/index.php\/wp-json\/wp\/v2\/categories?post=2653"},{"taxonomy":"post_tag","embeddable":true,"href":"https:\/\/www.baerenfunk.de\/index.php\/wp-json\/wp\/v2\/tags?post=2653"}],"curies":[{"name":"wp","href":"https:\/\/api.w.org\/{rel}","templated":true}]}}