{"id":2619,"date":"2024-07-13T09:34:31","date_gmt":"2024-07-13T08:34:31","guid":{"rendered":"https:\/\/www.baerenfunk.de\/?p=2619"},"modified":"2024-07-13T17:37:28","modified_gmt":"2024-07-13T16:37:28","slug":"bericht-vom-ov-abend-10-07-2024","status":"publish","type":"post","link":"https:\/\/www.baerenfunk.de\/index.php\/2024\/07\/13\/bericht-vom-ov-abend-10-07-2024\/","title":{"rendered":"Bericht OV-Abend Juli 2024"},"content":{"rendered":"\n<p>Begr\u00fc\u00dfung durch Roland (DF1OE). Bei sonnigen Temperaturen hatten sich 25 OMs und YLs in Linden eingefunden. Auch G\u00e4ste konnten wir begr\u00fc\u00dfen \u2013 ein Gast hatte beruflich in Hannover zu tun und war \u00fcber unsere Webseite auf unser Treffen aufmerksam geworden.<\/p>\n\n\n\n<p><strong>Unsere Themen des Abends:<\/strong><br>Reparatur der Drahtantenne am Container. Eher nebenbei fand die Absprache zur Reparatur der Drahtantenne bei DL0TY statt. Mittlerweile ist die Antenne bereits repariert. Danke an DL5BBH, Gerd, DO9KAS, Kai, DB1AI, Gerd, DG7AC, Pom, DC1AP, Ingo.<\/p>\n\n\n\n<p>Der alte 400W Inverter im Container ist defekt. Ein Austauschger\u00e4t ist nun vorhanden (von Kai DO9KAS, als Spende urspr\u00fcnglich von Julian, DJ3DE bekommen &#8211; vielen Dank auch daf\u00fcr.). Der neue Inverter muss vorher erstmal mittels 230V gestartet werden, danach l\u00e4uft er normal er. Daher aktuell noch nicht einsetzbar. In den n\u00e4chsten Tagen wird die entsprechende technische L\u00f6sung gebaut.<br>Wilfried DJ1WF liegt im Krankenhaus, gute Besserung auf diesem Weg. Daher keine aktuellen Infos zu den Solarakkus f\u00fcr den Container.<br><br>Alle Anwesenden w\u00fcnschen Wilfried gute Besserung und guten weitern Verlauf.<br><br><strong>Maustag:<\/strong><br>Andi DO1KAM; die Vorbereitungen laufen weiterhin, danke das sich Lacki, DC1AP noch bereit erkl\u00e4rt hat an dem 03.10.2024 pers\u00f6nlich vor Ort zu funken. <\/p>\n\n\n\n<p>Aktuelle Absprachen:<\/p>\n\n\n\n<ul>\n<li>Pom DG7AC macht die Beschilderung zu dem Container<\/li>\n\n\n\n<li>Eine Bekannte von Axel DG1OBD erstellt Erinnerungsurkunden, vielen Dank<\/li>\n\n\n\n<li>Lacki DC1AP vor Ort als OM<\/li>\n\n\n\n<li>Stefan DF3SR \u00a0erstellt eine kindergerechte Darstellung auf dem Computer was ist Amateurfunk?<\/li>\n\n\n\n<li>Ansonsten wird \u00fcber den eigenen Telegram-Chat noch ein separates Treffen bez\u00fcglich Feinabsprachen stattfinden (daf\u00fcr m\u00fcssen nur Vorschl\u00e4ge gemacht werden).<\/li>\n\n\n\n<li>Aktuell haben wir Anmeldungen von zwei Kindern und drei Erwachsenen. Es ist da noch Luft nach oben. Weitere Ma\u00dfnahmen zur \u00d6ffentlichkeitsarbeit werden gepr\u00fcft.<\/li>\n<\/ul>\n\n\n\n<p><strong>Maker Faire im September:<\/strong><br>Traditionell sind Hannoversche OMs von H13 auf der Maker Faire aktiv. Unterst\u00fctzt werden sie auch von OMs aus unserem Ortsverband. Vielleicht besteht da ja eine M\u00f6glichkeit mit einem Flyer auf den Maustag hinzuweisen.?<\/p>\n\n\n\n<p><strong>Container-Nutzerbuch\/Bordbuch <\/strong>: <br>Damit diejenigen, welche da oben im Container funken, sich eintragen und auch Sch\u00e4den dokumentieren (wichtig auch in im Versicherungsfall, wenn wirklich mal etwas passieren sollte!)<\/p>\n\n\n\n<p><strong>HamNet-Anbindung DL0TY<\/strong><br>Axel, DG1OBD berichtet: Internet ist am Container immer noch nicht in Funktion; von ATS k\u00f6nnte ein Link gesetzt werden, damit im Container dann Internet genutzt werden kann. Ben\u00f6tigt wird daf\u00fcr ein Spiegel; danach w\u00e4re dann HamNet und Internet m\u00f6glich. Daher ist auch bindend ein Logbuch n\u00f6tig, damit nachvollzogen werden kann wer dort vor Ort dann das System nutzt. Router wurde durch Wolfgang schon gespendet (vielen Dank Wolfgang!)<br><\/p>\n","protected":false},"excerpt":{"rendered":"<p>Begr\u00fc\u00dfung durch Roland (DF1OE). Bei sonnigen Temperaturen hatten sich 25 OMs und YLs in Linden eingefunden. Auch G\u00e4ste konnten wir begr\u00fc\u00dfen \u2013 ein Gast hatte beruflich in Hannover zu tun &hellip; <\/p>\n<p class=\"link-more\"><a href=\"https:\/\/www.baerenfunk.de\/index.php\/2024\/07\/13\/bericht-vom-ov-abend-10-07-2024\/\" class=\"more-link\"><span class=\"screen-reader-text\">\u201eBericht OV-Abend Juli 2024\u201c<\/span> weiterlesen<\/a><\/p>\n","protected":false},"author":13,"featured_media":0,"comment_status":"closed","ping_status":"closed","sticky":false,"template":"","format":"standard","meta":{"footnotes":""},"categories":[4,75],"tags":[124,15,114,21],"_links":{"self":[{"href":"https:\/\/www.baerenfunk.de\/index.php\/wp-json\/wp\/v2\/posts\/2619"}],"collection":[{"href":"https:\/\/www.baerenfunk.de\/index.php\/wp-json\/wp\/v2\/posts"}],"about":[{"href":"https:\/\/www.baerenfunk.de\/index.php\/wp-json\/wp\/v2\/types\/post"}],"author":[{"embeddable":true,"href":"https:\/\/www.baerenfunk.de\/index.php\/wp-json\/wp\/v2\/users\/13"}],"replies":[{"embeddable":true,"href":"https:\/\/www.baerenfunk.de\/index.php\/wp-json\/wp\/v2\/comments?post=2619"}],"version-history":[{"count":6,"href":"https:\/\/www.baerenfunk.de\/index.php\/wp-json\/wp\/v2\/posts\/2619\/revisions"}],"predecessor-version":[{"id":2629,"href":"https:\/\/www.baerenfunk.de\/index.php\/wp-json\/wp\/v2\/posts\/2619\/revisions\/2629"}],"wp:attachment":[{"href":"https:\/\/www.baerenfunk.de\/index.php\/wp-json\/wp\/v2\/media?parent=2619"}],"wp:term":[{"taxonomy":"category","embeddable":true,"href":"https:\/\/www.baerenfunk.de\/index.php\/wp-json\/wp\/v2\/categories?post=2619"},{"taxonomy":"post_tag","embeddable":true,"href":"https:\/\/www.baerenfunk.de\/index.php\/wp-json\/wp\/v2\/tags?post=2619"}],"curies":[{"name":"wp","href":"https:\/\/api.w.org\/{rel}","templated":true}]}}