{"id":2611,"date":"2024-05-22T14:15:55","date_gmt":"2024-05-22T13:15:55","guid":{"rendered":"https:\/\/www.baerenfunk.de\/?p=2611"},"modified":"2024-05-22T14:15:55","modified_gmt":"2024-05-22T13:15:55","slug":"bericht-ov-abend-mai-2024","status":"publish","type":"post","link":"https:\/\/www.baerenfunk.de\/index.php\/2024\/05\/22\/bericht-ov-abend-mai-2024\/","title":{"rendered":"Bericht OV-Abend Mai 2024"},"content":{"rendered":"\n<p>Bei angenehmen sommerlichen Temperaturen er\u00f6ffnete der stv. OVV Kai, DO9KAS, den OV-Abend, hierzu gab es folgende Tagespunkte:<\/p>\n\n\n\n<p><strong>Aktueller Sachstand Akkus Funkcontainer<\/strong><br>Bez\u00fcglich der anteiligen Kosten\u00fcbernahme f\u00fcr die neuen Akkus liegt der Ball aktuell beim DARC, da die Bestellung aus dem Ausland, Vorkasse, Privatadresse und Mwst-Befreiung noch Fragen aufwirft. Es gibt zum jetzigen Zeitpunkt noch keine Antwort vom DARC, damit Wilfried, DJ1WF, und auch der OV nicht unn\u00f6tig auf Kosten sitzen bleibt.<\/p>\n\n\n\n<p><strong>T\u00fcren auf mit der Maus, Veranstaltung am 03.10.2024<\/strong><br>Andi, DO1KAM, hat beim DARC nachgefragt ob der DARC ebenso an der Veranstaltung dran teilnimmt (ebenso auch andere OV), dieses wurde best\u00e4tigt.<br>Somit wird nun nach Bekanntgabe im OV \u00fcber den aktuellen Sachstand am kommenden Wochenende die Anmeldung beim WDR erfolgen, ebenso Kontaktaufnahme mit dem DARC das H48 ebenso an der Veranstaltung dran teilnimmt.<\/p>\n\n\n\n<p><strong>Frisch gespannte Antenne am Container derzeit nicht in Funktion<\/strong><br>Derzeit ist eine der gespannten Antennen am Funkcontainer nicht nutzbar, die Antenne ist derzeit zur\u00fcckgebunden. Lacki, DC1AP, kl\u00e4rt mit Gerd ob es auf dem kleinen \u201eDienstweg\u201c m\u00f6glich w\u00e4re die Antenne wieder zu spannen.<\/p>\n\n\n\n<p><strong>Internet und Hamnet am Funkcontainer<\/strong><br>Gerd, DB1AI, Erinnert an Internet und Hamnet. Kai, DO9KAS, gibt dazu bekannt das man im Hintergrund dran ist, ebenso sagt Axel, DG1OBD, das noch eine Antenne wieder zum laufen gebracht werden muss. Axel nimmt das in die Hamnetgruppe mit, Antwort folgt.<\/p>\n\n\n\n<p>Tom, DL9OBD, fragt ob es daf\u00fcr eine Hamnet-Adresse gibt, gem. Axel muss ein Router dann vor Ort genutzt werden (f\u00fcr einen weiteren 10m RX(DB0TVH)).<br>Es geht also um die Frage ob man dann auch eine Relaisanbindung machen kann.<\/p>\n\n\n\n<p><strong>Marienburg-Flohmarkt<\/strong><br>Lacki wei\u00dft auf den 25. Mai hin, dann ist der Marienburg-Flohmarkt, wer Interesse hat und dort gerne mitmachen m\u00f6chte, bitte Info an Lacki. Dort besteht dann die M\u00f6glichkeit Funkequipment zu verkaufen, es k\u00f6nnen somit gerne noch andere OMs Material am Stand mitverkaufen.<\/p>\n","protected":false},"excerpt":{"rendered":"<p>Bei angenehmen sommerlichen Temperaturen er\u00f6ffnete der stv. OVV Kai, DO9KAS, den OV-Abend, hierzu gab es folgende Tagespunkte: Aktueller Sachstand Akkus FunkcontainerBez\u00fcglich der anteiligen Kosten\u00fcbernahme f\u00fcr die neuen Akkus liegt der &hellip; <\/p>\n<p class=\"link-more\"><a href=\"https:\/\/www.baerenfunk.de\/index.php\/2024\/05\/22\/bericht-ov-abend-mai-2024\/\" class=\"more-link\"><span class=\"screen-reader-text\">\u201eBericht OV-Abend Mai 2024\u201c<\/span> weiterlesen<\/a><\/p>\n","protected":false},"author":13,"featured_media":0,"comment_status":"closed","ping_status":"closed","sticky":false,"template":"","format":"standard","meta":{"footnotes":""},"categories":[4,75],"tags":[114,42],"_links":{"self":[{"href":"https:\/\/www.baerenfunk.de\/index.php\/wp-json\/wp\/v2\/posts\/2611"}],"collection":[{"href":"https:\/\/www.baerenfunk.de\/index.php\/wp-json\/wp\/v2\/posts"}],"about":[{"href":"https:\/\/www.baerenfunk.de\/index.php\/wp-json\/wp\/v2\/types\/post"}],"author":[{"embeddable":true,"href":"https:\/\/www.baerenfunk.de\/index.php\/wp-json\/wp\/v2\/users\/13"}],"replies":[{"embeddable":true,"href":"https:\/\/www.baerenfunk.de\/index.php\/wp-json\/wp\/v2\/comments?post=2611"}],"version-history":[{"count":3,"href":"https:\/\/www.baerenfunk.de\/index.php\/wp-json\/wp\/v2\/posts\/2611\/revisions"}],"predecessor-version":[{"id":2614,"href":"https:\/\/www.baerenfunk.de\/index.php\/wp-json\/wp\/v2\/posts\/2611\/revisions\/2614"}],"wp:attachment":[{"href":"https:\/\/www.baerenfunk.de\/index.php\/wp-json\/wp\/v2\/media?parent=2611"}],"wp:term":[{"taxonomy":"category","embeddable":true,"href":"https:\/\/www.baerenfunk.de\/index.php\/wp-json\/wp\/v2\/categories?post=2611"},{"taxonomy":"post_tag","embeddable":true,"href":"https:\/\/www.baerenfunk.de\/index.php\/wp-json\/wp\/v2\/tags?post=2611"}],"curies":[{"name":"wp","href":"https:\/\/api.w.org\/{rel}","templated":true}]}}