{"id":2607,"date":"2024-04-27T16:46:03","date_gmt":"2024-04-27T15:46:03","guid":{"rendered":"https:\/\/www.baerenfunk.de\/?p=2607"},"modified":"2024-04-27T16:46:38","modified_gmt":"2024-04-27T15:46:38","slug":"kurzbericht-ov-abend-april-2024","status":"publish","type":"post","link":"https:\/\/www.baerenfunk.de\/index.php\/2024\/04\/27\/kurzbericht-ov-abend-april-2024\/","title":{"rendered":"Kurzbericht OV-Abend April 2024"},"content":{"rendered":"\n<p>Hier &#8211; mit leichter Versp\u00e4tung &#8211; der Kurzbericht vom OV-Abend April 2024. Wir hatten neben den Feinabsprachen zum Regenfieldday \ud83d\ude42 einige weitere Punkte.<\/p>\n\n\n\n<p><strong>Teilnahme bei T\u00fcren auf mit der Maus<\/strong><\/p>\n\n\n\n<p>Andreas, DO1KAM, regt unsere Teilnahme bei der Sendung mit der Maus &#8222;T\u00fcren auf&#8220; an. Hier k\u00f6nnen sich Vereine und Institutionen f\u00fcr interessierte Kinder und Jugendlichen \u00f6ffnen und \u00d6ffentlichkeitsarbeit machen. Einige Ortsverb\u00e4nde des DARC e.V. nehmen ebenfalls daran teil, so dass die Jugendlichen sogar Funkverbindungen unter einem Ausbildungsrufzeichen machen k\u00f6nnen. Die Versammlung spricht sich mit 7 Ja-Stimmen, 2 Nein-Stimmen und 10 Enthaltungen daf\u00fcr aus an der Aktion teilzunehmen.<\/p>\n\n\n\n<p>Andreas, DO1KAM bringt noch weiteres in Erfahrung, danach will sich ein Team (Axel, DG1OBD, Stefan, DF3SR, Andi, DO1KAM und Roland, DF1OE) um die Aktivit\u00e4t k\u00fcmmern.<\/p>\n\n\n\n<p><strong>LiFePo4 Akkus bei DL0TY<\/strong><\/p>\n\n\n\n<p>Wir hatten die Informationen f\u00fcr einen Vergleich der Kosten zusammen dargestellt. Als g\u00fcnstigste und leistungsst\u00e4rkste L\u00f6sung stellte sich der Eigenbau heraus &#8211; ca. 300Ah bei Kosten von ca. 500 EUR. Wir haben uns vor diesem Hintergrund f\u00fcr den Eigenbau entschieden. Wilfried, DJ1WF, k\u00fcmmert sich um den Einkauf der Teile und den Aufbau, und Tom, DL9OBD, um die &#8222;technische Abnahme&#8220;.<\/p>\n\n\n\n<p><strong>Fragen zur Selbsterkl\u00e4rung<\/strong><\/p>\n\n\n\n<p>Stefan, DF3SR, hatte einige Fragen zur Selbsterkl\u00e4rung f\u00fcr sein neues Antennenprojekt. Wir konnten seine Selbsterkl\u00e4rung auf den Bildschirm des Tagungsraum projizieren. Es gab von den vielen Anwesenden hilfreiche Anmerkungen und Tipps zur Selbsterkl\u00e4rung anhand des konkreten Beispiels.<\/p>\n\n\n\n<p><\/p>\n","protected":false},"excerpt":{"rendered":"<p>Hier &#8211; mit leichter Versp\u00e4tung &#8211; der Kurzbericht vom OV-Abend April 2024. Wir hatten neben den Feinabsprachen zum Regenfieldday \ud83d\ude42 einige weitere Punkte. Teilnahme bei T\u00fcren auf mit der Maus &hellip; <\/p>\n<p class=\"link-more\"><a href=\"https:\/\/www.baerenfunk.de\/index.php\/2024\/04\/27\/kurzbericht-ov-abend-april-2024\/\" class=\"more-link\"><span class=\"screen-reader-text\">\u201eKurzbericht OV-Abend April 2024\u201c<\/span> weiterlesen<\/a><\/p>\n","protected":false},"author":1,"featured_media":0,"comment_status":"closed","ping_status":"closed","sticky":false,"template":"","format":"standard","meta":{"footnotes":""},"categories":[4,75],"tags":[15,114,42],"_links":{"self":[{"href":"https:\/\/www.baerenfunk.de\/index.php\/wp-json\/wp\/v2\/posts\/2607"}],"collection":[{"href":"https:\/\/www.baerenfunk.de\/index.php\/wp-json\/wp\/v2\/posts"}],"about":[{"href":"https:\/\/www.baerenfunk.de\/index.php\/wp-json\/wp\/v2\/types\/post"}],"author":[{"embeddable":true,"href":"https:\/\/www.baerenfunk.de\/index.php\/wp-json\/wp\/v2\/users\/1"}],"replies":[{"embeddable":true,"href":"https:\/\/www.baerenfunk.de\/index.php\/wp-json\/wp\/v2\/comments?post=2607"}],"version-history":[{"count":2,"href":"https:\/\/www.baerenfunk.de\/index.php\/wp-json\/wp\/v2\/posts\/2607\/revisions"}],"predecessor-version":[{"id":2609,"href":"https:\/\/www.baerenfunk.de\/index.php\/wp-json\/wp\/v2\/posts\/2607\/revisions\/2609"}],"wp:attachment":[{"href":"https:\/\/www.baerenfunk.de\/index.php\/wp-json\/wp\/v2\/media?parent=2607"}],"wp:term":[{"taxonomy":"category","embeddable":true,"href":"https:\/\/www.baerenfunk.de\/index.php\/wp-json\/wp\/v2\/categories?post=2607"},{"taxonomy":"post_tag","embeddable":true,"href":"https:\/\/www.baerenfunk.de\/index.php\/wp-json\/wp\/v2\/tags?post=2607"}],"curies":[{"name":"wp","href":"https:\/\/api.w.org\/{rel}","templated":true}]}}