{"id":2578,"date":"2024-03-29T14:21:00","date_gmt":"2024-03-29T13:21:00","guid":{"rendered":"https:\/\/www.baerenfunk.de\/?p=2578"},"modified":"2024-03-29T14:23:52","modified_gmt":"2024-03-29T13:23:52","slug":"fruehlingsfieldday-am-humboldtsee","status":"publish","type":"post","link":"https:\/\/www.baerenfunk.de\/index.php\/2024\/03\/29\/fruehlingsfieldday-am-humboldtsee\/","title":{"rendered":"Fr\u00fchlingsfieldday am Humboldtsee"},"content":{"rendered":"\n<p>Vom 12.04.2024 bis zum 14.04.2024 treffen sich die Outdoor- und Regenfieldday-Freunde wieder zum Fr\u00fchlingsfieldday am Humboldtsee. Wir werden wieder auf der Wiese stehen. Eine Teilnehmerliste, in der du dich eintragen kannst findest Du hier: <a href=\"https:\/\/www.baerenfunk.de\/index.php\/event\/fruehlingsfieldday-2024\/\" target=\"_blank\" rel=\"noreferrer noopener\">https:\/\/www.baerenfunk.de\/index.php\/event\/fruehlingsfieldday-2024\/<\/a> . Die Liste dient f\u00fcr uns als \u00dcberblcik &#8211; gleichzeitig bist du als DARC e.V. Mitglied bei Eintrag in die Liste schon bei der Anreise \u00fcber den DARC e.V. versichert. Beim Campingpark Humboldsee meldest Du dich \u00fcber den untenstehenden Link an. Bitte gebe bei der Anmeldung noch das Stichwort &#8222;Funkamateur&#8220; an, damit die Rezeption wei\u00df, dass Du bei uns auf der Wiese stehen m\u00f6chtest. Anmeldung beim Campingpark: <a href=\"https:\/\/humboldt-see.de\/buchen\/\" target=\"_blank\" rel=\"noreferrer noopener\">https:\/\/humboldt-see.de\/buchen\/<\/a><br>Sei dabei &#8211; wir freuen uns!<\/p>\n","protected":false},"excerpt":{"rendered":"<p>Vom 12.04.2024 bis zum 14.04.2024 treffen sich die Outdoor- und Regenfieldday-Freunde wieder zum Fr\u00fchlingsfieldday am Humboldtsee. Wir werden wieder auf der Wiese stehen. Eine Teilnehmerliste, in der du dich eintragen &hellip; <\/p>\n<p class=\"link-more\"><a href=\"https:\/\/www.baerenfunk.de\/index.php\/2024\/03\/29\/fruehlingsfieldday-am-humboldtsee\/\" class=\"more-link\"><span class=\"screen-reader-text\">\u201eFr\u00fchlingsfieldday am Humboldtsee\u201c<\/span> weiterlesen<\/a><\/p>\n","protected":false},"author":1,"featured_media":0,"comment_status":"closed","ping_status":"closed","sticky":false,"template":"","format":"standard","meta":{"footnotes":""},"categories":[1],"tags":[],"_links":{"self":[{"href":"https:\/\/www.baerenfunk.de\/index.php\/wp-json\/wp\/v2\/posts\/2578"}],"collection":[{"href":"https:\/\/www.baerenfunk.de\/index.php\/wp-json\/wp\/v2\/posts"}],"about":[{"href":"https:\/\/www.baerenfunk.de\/index.php\/wp-json\/wp\/v2\/types\/post"}],"author":[{"embeddable":true,"href":"https:\/\/www.baerenfunk.de\/index.php\/wp-json\/wp\/v2\/users\/1"}],"replies":[{"embeddable":true,"href":"https:\/\/www.baerenfunk.de\/index.php\/wp-json\/wp\/v2\/comments?post=2578"}],"version-history":[{"count":3,"href":"https:\/\/www.baerenfunk.de\/index.php\/wp-json\/wp\/v2\/posts\/2578\/revisions"}],"predecessor-version":[{"id":2582,"href":"https:\/\/www.baerenfunk.de\/index.php\/wp-json\/wp\/v2\/posts\/2578\/revisions\/2582"}],"wp:attachment":[{"href":"https:\/\/www.baerenfunk.de\/index.php\/wp-json\/wp\/v2\/media?parent=2578"}],"wp:term":[{"taxonomy":"category","embeddable":true,"href":"https:\/\/www.baerenfunk.de\/index.php\/wp-json\/wp\/v2\/categories?post=2578"},{"taxonomy":"post_tag","embeddable":true,"href":"https:\/\/www.baerenfunk.de\/index.php\/wp-json\/wp\/v2\/tags?post=2578"}],"curies":[{"name":"wp","href":"https:\/\/api.w.org\/{rel}","templated":true}]}}