{"id":2570,"date":"2024-03-24T16:02:25","date_gmt":"2024-03-24T15:02:25","guid":{"rendered":"https:\/\/www.baerenfunk.de\/?p=2570"},"modified":"2024-03-24T16:02:25","modified_gmt":"2024-03-24T15:02:25","slug":"ov-abend-maerz-2024","status":"publish","type":"post","link":"https:\/\/www.baerenfunk.de\/index.php\/2024\/03\/24\/ov-abend-maerz-2024\/","title":{"rendered":"OV-Abend M\u00e4rz 2024"},"content":{"rendered":"\n<p>F\u00fcr alle die nicht teilnehmen konnten: hier wieder ein kurzer Bericht von unserem OV-Abend vom 13.03.2024. Der stellvertretende OVV Kai, DO9KAS und OVV Roland, DF1OE begr\u00fc\u00dften die Runde &#8211; dabei auch ein neues OV-Mitglied Stefan, DF3SR und als Gast Niels, DH8ND.<\/p>\n\n\n\n<p><strong>Fieldday-Termin: 12.04. bis 14.04.2024<br><\/strong>Und wie immer gab es einige Themen zu besprechen. Zun\u00e4chst wurde der Termin f\u00fcr die n\u00e4chste gemeinsame &#8222;Au\u00dfenaktivit\u00e4t&#8220; beraten. Als m\u00f6glicher Ort wurden Hameln und auch der Humboldtsee benannt. Beim Humboldtsee kann man auch Wohn-Weinf\u00e4sser mieten, das ist vielleicht f\u00fcr den einen oder anderen Gast von Vorteil. Nach kurzem Blick in den Terminkalender wurde das Wochenende vom 12.04. bis zum 14.04. als Termin festgelegt. F\u00fcr die Kurzwellen-Freunde: An dem Wochenende ist der Japan DX-Contest &#8211; eine gute M\u00f6glichkeit bei guten Bedingungen JA ins Log zu bringen. Weitere Infos werden noch folgen.<\/p>\n\n\n\n<p><strong>LiFePo4-Akkus f\u00fcr den Container<\/strong> <br>Kai, DO9KAS stellte den Antrag zur Anschaffung von LiFePo4 Akkus f\u00fcr den Container. Diese Akkus haben gegen\u00fcber den bisher eingesetzten Batterien. erhebliche Vorteile. Die Anwesenden stimmten einstimmig f\u00fcr die Anschaffung solcher Akkus. Allerdings ergab sich auch eine Diskussion, ob man ein industrielles fertiges Produkt kaufen sollte oder lieber einen kosteng\u00fcnstigeren Selbstbau in Angriff nehmen. F\u00fcr beide Varianten sollen bis zum n\u00e4chsten OV-Abend Angebote eingeholt werden. F\u00fcr die korrekten Arbeiten des Selbstbaus meldete sich sp\u00e4ter Wilfried, DJ1WF und die &#8222;technische Abnahme&#8220; w\u00fcrde Tom, DL9OBD durchf\u00fchren. Wir d\u00fcrfen also auf die n\u00e4chsten Schritte gespannt sein.<\/p>\n\n\n\n<p><strong>Teilnahme an der Clubmeisterschaft<\/strong><br>POM, DG7AC regte die Teilnahme unseres Ortsverbandes an der Clubmeisterschaft an. Dort stand H48 nach dem 10 Contest vom Januar an der zweiten Stelle im Distrikt. Doch schon jetzt sind wir wieder auf Platz 4 abgerutscht. Mit gen\u00fcgend Aktivit\u00e4t w\u00e4re es gut m\u00f6glich, hier auch einmal einen der vorderen Pl\u00e4tze zu belegen. Wer Lust hat, kann sich bereits am zweiten Osterfeiertag dem 01.04.2024 an der CMO (Clubmeisterschaft open) beteiligen: Von 15:00 Uhr bis 17:29 UTC findet der hierzu z\u00e4hlende Ostercontest auf den B\u00e4ndern 80m und 40m statt. (<a href=\"https:\/\/www.darc.de\/der-club\/referate\/conteste\/ostercontest\/regeln\/).\" target=\"_blank\" rel=\"noreferrer noopener nofollow\">https:\/\/www.darc.de\/der-club\/referate\/conteste\/ostercontest\/regeln\/<\/a><a href=\"https:\/\/www.darc.de\/der-club\/referate\/conteste\/ostercontest\/regeln\/).\" target=\"_blank\" rel=\"noreferrer noopener\">).<\/a><\/p>\n\n\n\n<p>Hier gibt es weitere Informationen zu den Terminen und Ausschreibungen der Conteste, die zur Clubmeisterschaft z\u00e4hlen:&nbsp;<\/p>\n\n\n\n<p><a href=\"https:\/\/www.darc.de\/der-club\/referate\/conteste\/clubmeisterschaft\/anhang-a-conteste-cm-classic-2024\/\" target=\"_blank\" rel=\"noreferrer noopener nofollow\">https:\/\/www.darc.de\/der-club\/referate\/conteste\/clubmeisterschaft\/anhang-a-conteste-cm-classic-2024<\/a><a href=\"https:\/\/www.darc.de\/der-club\/referate\/conteste\/clubmeisterschaft\/anhang-a-conteste-cm-classic-2024\/\">\/<\/a><\/p>\n\n\n\n<p>Pom wird uns noch weitere motivierende Impulse hierzu geben.<\/p>\n","protected":false},"excerpt":{"rendered":"<p>F\u00fcr alle die nicht teilnehmen konnten: hier wieder ein kurzer Bericht von unserem OV-Abend vom 13.03.2024. Der stellvertretende OVV Kai, DO9KAS und OVV Roland, DF1OE begr\u00fc\u00dften die Runde &#8211; dabei &hellip; <\/p>\n<p class=\"link-more\"><a href=\"https:\/\/www.baerenfunk.de\/index.php\/2024\/03\/24\/ov-abend-maerz-2024\/\" class=\"more-link\"><span class=\"screen-reader-text\">\u201eOV-Abend M\u00e4rz 2024\u201c<\/span> weiterlesen<\/a><\/p>\n","protected":false},"author":1,"featured_media":0,"comment_status":"closed","ping_status":"closed","sticky":false,"template":"","format":"standard","meta":{"footnotes":""},"categories":[4,75],"tags":[123,108,76],"_links":{"self":[{"href":"https:\/\/www.baerenfunk.de\/index.php\/wp-json\/wp\/v2\/posts\/2570"}],"collection":[{"href":"https:\/\/www.baerenfunk.de\/index.php\/wp-json\/wp\/v2\/posts"}],"about":[{"href":"https:\/\/www.baerenfunk.de\/index.php\/wp-json\/wp\/v2\/types\/post"}],"author":[{"embeddable":true,"href":"https:\/\/www.baerenfunk.de\/index.php\/wp-json\/wp\/v2\/users\/1"}],"replies":[{"embeddable":true,"href":"https:\/\/www.baerenfunk.de\/index.php\/wp-json\/wp\/v2\/comments?post=2570"}],"version-history":[{"count":1,"href":"https:\/\/www.baerenfunk.de\/index.php\/wp-json\/wp\/v2\/posts\/2570\/revisions"}],"predecessor-version":[{"id":2571,"href":"https:\/\/www.baerenfunk.de\/index.php\/wp-json\/wp\/v2\/posts\/2570\/revisions\/2571"}],"wp:attachment":[{"href":"https:\/\/www.baerenfunk.de\/index.php\/wp-json\/wp\/v2\/media?parent=2570"}],"wp:term":[{"taxonomy":"category","embeddable":true,"href":"https:\/\/www.baerenfunk.de\/index.php\/wp-json\/wp\/v2\/categories?post=2570"},{"taxonomy":"post_tag","embeddable":true,"href":"https:\/\/www.baerenfunk.de\/index.php\/wp-json\/wp\/v2\/tags?post=2570"}],"curies":[{"name":"wp","href":"https:\/\/api.w.org\/{rel}","templated":true}]}}