{"id":2524,"date":"2024-02-16T16:40:11","date_gmt":"2024-02-16T15:40:11","guid":{"rendered":"https:\/\/www.baerenfunk.de\/?p=2524"},"modified":"2024-02-16T16:55:01","modified_gmt":"2024-02-16T15:55:01","slug":"jahreshauptversammlung-2024","status":"publish","type":"post","link":"https:\/\/www.baerenfunk.de\/index.php\/2024\/02\/16\/jahreshauptversammlung-2024\/","title":{"rendered":"Jahreshauptversammlung 2024"},"content":{"rendered":"\n<p>Am 14.02.2024 wurde auf dem OV-Abend von H48 die Jahreshauptversammlung durchgef\u00fchrt, wobei auch neu gew\u00e4hlt wurde. Der Ortsverband hat 40 Mitglieder, davon war die H\u00e4lfte zur Jahreshauptversammlung anwesend. \u00a0Nat\u00fcrlich folgte die Jahreshauptversammlung den gewohnten Abl\u00e4ufen. Der Bericht des Vorstandes wurde von unserem stellvertretenden OVV Ingo, DO4OD vorgelegt und der Kassenbericht von Blacky, DD0ON. <br>Die Versammlung dankte dem Vorstand f\u00fcr seine T\u00e4tigkeit in den vergangenen zwei Jahren.<br>Der Wahlvorstand hatte im Vorfeld keine Vorschl\u00e4ge erhalten, so dass auf der Basis von m\u00fcndlichen Vorschl\u00e4gen gew\u00e4hlt wurde.\u00a0 Und hier das Ergebnis wie der OV H48 nun aufgestellt ist:<\/p>\n\n\n\n<ul>\n<li>OVV: &nbsp;&nbsp;&nbsp;&nbsp;&nbsp;&nbsp;&nbsp;&nbsp;&nbsp;&nbsp;&nbsp;&nbsp; Roland, DF1OE<\/li>\n\n\n\n<li>Stv. OVV: &nbsp;&nbsp;&nbsp;&nbsp; Kai, DO9KAS<\/li>\n<\/ul>\n\n\n\n<p>W\u00e4hrend Roland sehr eindeutig mit 19 Stimmen und 1 Enthaltung gew\u00e4hlt wurde, sah es bei dem 1. Vertreter anders aus. Vorgeschlagen wurden Kai und Andreas, wobei Kai dann mit 10 Stimmen gegen\u00fcber Andreas mit 9 Stimmen gew\u00e4hlt wurde.<\/p>\n\n\n\n<p>Als weitere \u00c4mter wurden bestimmt:<\/p>\n\n\n\n<ul>\n<li>Kassenwart: Detlef, DD0ON<\/li>\n\n\n\n<li>QSL-Manager: &nbsp;&nbsp;&nbsp;&nbsp;&nbsp;&nbsp; Wolfgang, DL4AH<\/li>\n\n\n\n<li>Presse- und \u00d6ffentlichkeitsarbeit: Andreas, DO1KAM<\/li>\n<\/ul>\n\n\n\n<figure class=\"wp-block-gallery has-nested-images columns-default is-cropped wp-block-gallery-1 is-layout-flex wp-block-gallery-is-layout-flex\">\n<figure class=\"wp-block-image size-full\"><img loading=\"lazy\" decoding=\"async\" width=\"604\" height=\"453\" data-id=\"2529\" src=\"https:\/\/www.baerenfunk.de\/wp-content\/uploads\/2024\/02\/grafik-1.png\" alt=\"\" class=\"wp-image-2529\" srcset=\"https:\/\/www.baerenfunk.de\/wp-content\/uploads\/2024\/02\/grafik-1.png 604w, https:\/\/www.baerenfunk.de\/wp-content\/uploads\/2024\/02\/grafik-1-300x225.png 300w\" sizes=\"(max-width: 604px) 100vw, 604px\" \/><figcaption class=\"wp-element-caption\">Blick in die Runde<\/figcaption><\/figure>\n\n\n\n<figure class=\"wp-block-image size-full\"><img loading=\"lazy\" decoding=\"async\" width=\"604\" height=\"453\" data-id=\"2530\" src=\"https:\/\/www.baerenfunk.de\/wp-content\/uploads\/2024\/02\/grafik-2.png\" alt=\"\" class=\"wp-image-2530\" srcset=\"https:\/\/www.baerenfunk.de\/wp-content\/uploads\/2024\/02\/grafik-2.png 604w, https:\/\/www.baerenfunk.de\/wp-content\/uploads\/2024\/02\/grafik-2-300x225.png 300w\" sizes=\"(max-width: 604px) 100vw, 604px\" \/><figcaption class=\"wp-element-caption\">Der frisch gew\u00e4hlte Vorstand nebst Wolfgang unser QSL-Manager und Detlef (Blacky) unser Kassenwart.<\/figcaption><\/figure>\n<\/figure>\n\n\n\n<p>Zum Abschluss des Abends gab es noch eine praktische technische Vorf\u00fchrung wie stark Powerline-Ger\u00e4te, hier: dLAN Ger\u00e4te von Devolo den Funk auf Kurzwelle st\u00f6ren, was hierbei auch zu vielen Fragezeichen f\u00fchrte, warum solche Ger\u00e4te dann regul\u00e4r verkauft werden.<\/p>\n\n\n\n<p>Fazit dazu: H\u00e4nde weg von dLAN, wenn Du auf KW ohne St\u00f6rungen funken m\u00f6chtest. <br>Zum Schluss auch noch einmal danke an alle Anwesenden und an diejenigen, welche gesundheitlich nicht dabei sein konnten: gute Besserung!<\/p>\n","protected":false},"excerpt":{"rendered":"<p>Am 14.02.2024 wurde auf dem OV-Abend von H48 die Jahreshauptversammlung durchgef\u00fchrt, wobei auch neu gew\u00e4hlt wurde. Der Ortsverband hat 40 Mitglieder, davon war die H\u00e4lfte zur Jahreshauptversammlung anwesend. \u00a0Nat\u00fcrlich folgte &hellip; <\/p>\n<p class=\"link-more\"><a href=\"https:\/\/www.baerenfunk.de\/index.php\/2024\/02\/16\/jahreshauptversammlung-2024\/\" class=\"more-link\"><span class=\"screen-reader-text\">\u201eJahreshauptversammlung 2024\u201c<\/span> weiterlesen<\/a><\/p>\n","protected":false},"author":13,"featured_media":0,"comment_status":"closed","ping_status":"closed","sticky":false,"template":"","format":"standard","meta":{"footnotes":""},"categories":[75],"tags":[],"_links":{"self":[{"href":"https:\/\/www.baerenfunk.de\/index.php\/wp-json\/wp\/v2\/posts\/2524"}],"collection":[{"href":"https:\/\/www.baerenfunk.de\/index.php\/wp-json\/wp\/v2\/posts"}],"about":[{"href":"https:\/\/www.baerenfunk.de\/index.php\/wp-json\/wp\/v2\/types\/post"}],"author":[{"embeddable":true,"href":"https:\/\/www.baerenfunk.de\/index.php\/wp-json\/wp\/v2\/users\/13"}],"replies":[{"embeddable":true,"href":"https:\/\/www.baerenfunk.de\/index.php\/wp-json\/wp\/v2\/comments?post=2524"}],"version-history":[{"count":7,"href":"https:\/\/www.baerenfunk.de\/index.php\/wp-json\/wp\/v2\/posts\/2524\/revisions"}],"predecessor-version":[{"id":2536,"href":"https:\/\/www.baerenfunk.de\/index.php\/wp-json\/wp\/v2\/posts\/2524\/revisions\/2536"}],"wp:attachment":[{"href":"https:\/\/www.baerenfunk.de\/index.php\/wp-json\/wp\/v2\/media?parent=2524"}],"wp:term":[{"taxonomy":"category","embeddable":true,"href":"https:\/\/www.baerenfunk.de\/index.php\/wp-json\/wp\/v2\/categories?post=2524"},{"taxonomy":"post_tag","embeddable":true,"href":"https:\/\/www.baerenfunk.de\/index.php\/wp-json\/wp\/v2\/tags?post=2524"}],"curies":[{"name":"wp","href":"https:\/\/api.w.org\/{rel}","templated":true}]}}