{"id":2485,"date":"2023-12-17T19:23:48","date_gmt":"2023-12-17T18:23:48","guid":{"rendered":"https:\/\/www.baerenfunk.de\/?p=2485"},"modified":"2023-12-17T21:15:40","modified_gmt":"2023-12-17T20:15:40","slug":"ov-abend-mit-gast-aus-der-ukraine","status":"publish","type":"post","link":"https:\/\/www.baerenfunk.de\/index.php\/2023\/12\/17\/ov-abend-mit-gast-aus-der-ukraine\/","title":{"rendered":"OV-Abend mit Gast aus der Ukraine"},"content":{"rendered":"\n<p>Unser letztes Treffen im Jahr am 13. Dezember war mit rund zwanzig anwesenden OV-Mitgliedern und G\u00e4sten gut besucht. Viele abzuarbeitende Themen gab es nicht. Und so berichtete Roland, DF1OE von der bevorstehenden Gr\u00fcndung des gemeinn\u00fctzigen F\u00f6rdervereins &#8222;Amateurfunk Region Hannover&#8220;. Der Fokus des Vereins liegt unter anderem auf der zuk\u00fcnftigen finanziellen Absicherung des HamNets in der Region. \u00dcber das Hamnet erfolgt die gesamte Vernetzung der digitalen Relais in der Region. Ferner wird der Verein die OMs unterst\u00fctzen, die \u00fcber eine Steigerausbildung verf\u00fcgen, die HamNet-Infrastruktur aufgebaut haben und warten. Einige Standorte (sowohl im HamNet als auch Relaisstandorte) d\u00fcrfen nur mit der entsprechenden Steigerlizenz erklettern. F\u00fcr ein gut funktionierendes HamNet in der Region Hannover ist auch weiterer Grund gegeben: Sowohl die &#8222;Region Hannover&#8220; als auch einige Hilfsorganisationen in der Region betrachten die Amateurfunkrelais als m\u00f6gliche R\u00fcckfallebene f\u00fcr ihren eigenen Funk. So haben die Leitstellen der Regeion Hannover, des ASB Hannover Stadt und der Johanniter mittlerweile Amateurfunkger\u00e4te in ihre Leitst\u00e4nde integriert.<br>Leider ist es allerdings so, das der DARC e.V. selbst direkt keine Amateurfunk-Relaistellen und Standorte dauerhaft f\u00f6rdert. Daher haben sich schon in vielen Regionen eigene Vereine gegr\u00fcndet.<br>Im Moment befindet sich die Satzung des neuen Vereins beim Finanzamt Hannover zur Pr\u00fcfung. Wir d\u00fcrfen auf den Start des Vereins gespannt sein.<br><br><strong>UR5FLN zu Gast<\/strong><br>In den letzten Wochen hatte Sergij, UR5FLN mehrfach Funkkontakt in die Ukraine \u00fcber unser DSTAR-Relais DB0TVH. Das hatte ich zu Anlass genommen, ihn kurzerhand anzusprechen und zu unserem OV-Abend einzuladen. Sergij berichtete uns \u00fcber die Flucht seiner Familie aus Odessa. Odessa liegt zur Zeit ca. 300 km hinter der Frontlinie, es gibt fast t\u00e4glich Luftalarm auf Grund russischer Drohnen oder Raketen. <br>Sergijs Eltern sind noch in Odessa. Gl\u00fcckliche Umst\u00e4nde erm\u00f6glichten es ihm, auch nach Deutschland zu kommen. Er hat Arbeit und nimmt zur Zeit an einem Deutschkurs teil. Mittels DSTAR h\u00e4lt er Kontakt nach Odessa. Dort hat eine Gruppe von Funkamateuren ein Multimode-Relais aufgebaut, das \u00fcber alle Betriebsarten ausser C4FM verf\u00fcgt. Er selbst kann seine Amateurfunkstation \u00fcber RemoteRig von DL aus fernbedienen. Den Funkamateuren in der Ukraine ist mittlerweile wieder Funkbetrieb gestattet, ausser sie befinden sich in Gebieten in unmittelbarer N\u00e4he zur Grenze.<br>Sergij interessiert sich sehr f\u00fcr den Funk auf VHF und UHF &#8211; insbesondere f\u00fcr EME. (Da kann ihm ja bei uns durchaus geholfen werden\u2026).<br>Der Abend klang mit kleinen Gespr\u00e4chsgruppen zu unterschiedlichsten Themen aus, nat\u00fcrlich auch unter reger Beteiligung unseres Gastes.<\/p>\n","protected":false},"excerpt":{"rendered":"<p>Unser letztes Treffen im Jahr am 13. Dezember war mit rund zwanzig anwesenden OV-Mitgliedern und G\u00e4sten gut besucht. Viele abzuarbeitende Themen gab es nicht. Und so berichtete Roland, DF1OE von &hellip; <\/p>\n<p class=\"link-more\"><a href=\"https:\/\/www.baerenfunk.de\/index.php\/2023\/12\/17\/ov-abend-mit-gast-aus-der-ukraine\/\" class=\"more-link\"><span class=\"screen-reader-text\">\u201eOV-Abend mit Gast aus der Ukraine\u201c<\/span> weiterlesen<\/a><\/p>\n","protected":false},"author":1,"featured_media":0,"comment_status":"closed","ping_status":"closed","sticky":false,"template":"","format":"standard","meta":{"footnotes":""},"categories":[4,75],"tags":[],"_links":{"self":[{"href":"https:\/\/www.baerenfunk.de\/index.php\/wp-json\/wp\/v2\/posts\/2485"}],"collection":[{"href":"https:\/\/www.baerenfunk.de\/index.php\/wp-json\/wp\/v2\/posts"}],"about":[{"href":"https:\/\/www.baerenfunk.de\/index.php\/wp-json\/wp\/v2\/types\/post"}],"author":[{"embeddable":true,"href":"https:\/\/www.baerenfunk.de\/index.php\/wp-json\/wp\/v2\/users\/1"}],"replies":[{"embeddable":true,"href":"https:\/\/www.baerenfunk.de\/index.php\/wp-json\/wp\/v2\/comments?post=2485"}],"version-history":[{"count":4,"href":"https:\/\/www.baerenfunk.de\/index.php\/wp-json\/wp\/v2\/posts\/2485\/revisions"}],"predecessor-version":[{"id":2495,"href":"https:\/\/www.baerenfunk.de\/index.php\/wp-json\/wp\/v2\/posts\/2485\/revisions\/2495"}],"wp:attachment":[{"href":"https:\/\/www.baerenfunk.de\/index.php\/wp-json\/wp\/v2\/media?parent=2485"}],"wp:term":[{"taxonomy":"category","embeddable":true,"href":"https:\/\/www.baerenfunk.de\/index.php\/wp-json\/wp\/v2\/categories?post=2485"},{"taxonomy":"post_tag","embeddable":true,"href":"https:\/\/www.baerenfunk.de\/index.php\/wp-json\/wp\/v2\/tags?post=2485"}],"curies":[{"name":"wp","href":"https:\/\/api.w.org\/{rel}","templated":true}]}}