{"id":2460,"date":"2023-11-20T21:20:43","date_gmt":"2023-11-20T20:20:43","guid":{"rendered":"https:\/\/www.baerenfunk.de\/?p=2460"},"modified":"2023-11-20T21:36:43","modified_gmt":"2023-11-20T20:36:43","slug":"db0tvh-10-meter-relais-ufb-in-torremolinos-aufgenommen","status":"publish","type":"post","link":"https:\/\/www.baerenfunk.de\/index.php\/2023\/11\/20\/db0tvh-10-meter-relais-ufb-in-torremolinos-aufgenommen\/","title":{"rendered":"DB0TVH 10 Meter Relais ufb in Torremolinos aufgenommen"},"content":{"rendered":"\n<p>SWL Ewald schreibt: &#8222;Als den Ruhestand in EA7 verbringender Oesterreicher habe ich habe mich gefreut, Ihr FM Relais DB0TVH hier in Torremolinos, Spanien (IM76SP) mit den folgenden Details aufnehmen zu koennen.&#8220;<\/p>\n\n\n\n<figure data-wp-context=\"{ &quot;core&quot;:\n\t\t\t\t{ &quot;image&quot;:\n\t\t\t\t\t{   &quot;imageLoaded&quot;: false,\n\t\t\t\t\t\t&quot;initialized&quot;: false,\n\t\t\t\t\t\t&quot;lightboxEnabled&quot;: false,\n\t\t\t\t\t\t&quot;hideAnimationEnabled&quot;: false,\n\t\t\t\t\t\t&quot;preloadInitialized&quot;: false,\n\t\t\t\t\t\t&quot;lightboxAnimation&quot;: &quot;zoom&quot;,\n\t\t\t\t\t\t&quot;imageUploadedSrc&quot;: &quot;https:\/\/www.baerenfunk.de\/wp-content\/uploads\/2023\/11\/my-antennae-.jpg&quot;,\n\t\t\t\t\t\t&quot;imageCurrentSrc&quot;: &quot;&quot;,\n\t\t\t\t\t\t&quot;targetWidth&quot;: &quot;1536&quot;,\n\t\t\t\t\t\t&quot;targetHeight&quot;: &quot;2048&quot;,\n\t\t\t\t\t\t&quot;scaleAttr&quot;: &quot;&quot;,\n\t\t\t\t\t\t&quot;dialogLabel&quot;: &quot;Vergr\u00f6\u00dfertes Bild&quot;\n\t\t\t\t\t}\n\t\t\t\t}\n\t\t\t}\" data-wp-interactive class=\"wp-block-image size-large is-resized wp-lightbox-container\"><img loading=\"lazy\" decoding=\"async\" width=\"768\" height=\"1024\" data-wp-effect--setStylesOnResize=\"effects.core.image.setStylesOnResize\" data-wp-effect=\"effects.core.image.setButtonStyles\" data-wp-init=\"effects.core.image.initOriginImage\" data-wp-on--click=\"actions.core.image.showLightbox\" data-wp-on--load=\"actions.core.image.handleLoad\" src=\"https:\/\/www.baerenfunk.de\/wp-content\/uploads\/2023\/11\/my-antennae--768x1024.jpg\" alt=\"Antenne in Spanien\" class=\"wp-image-2461\" style=\"width:374px;height:auto\" srcset=\"https:\/\/www.baerenfunk.de\/wp-content\/uploads\/2023\/11\/my-antennae--768x1024.jpg 768w, https:\/\/www.baerenfunk.de\/wp-content\/uploads\/2023\/11\/my-antennae--225x300.jpg 225w, https:\/\/www.baerenfunk.de\/wp-content\/uploads\/2023\/11\/my-antennae--1152x1536.jpg 1152w, https:\/\/www.baerenfunk.de\/wp-content\/uploads\/2023\/11\/my-antennae-.jpg 1536w\" sizes=\"(max-width: 767px) 89vw, (max-width: 1000px) 54vw, (max-width: 1071px) 543px, 580px\" \/><button\n\t\t\tclass=\"lightbox-trigger\"\n\t\t\ttype=\"button\"\n\t\t\taria-haspopup=\"dialog\"\n\t\t\taria-label=\"Bild vergr\u00f6\u00dfern: Antenne in Spanien\"\n\t\t\tdata-wp-on--click=\"actions.core.image.showLightbox\"\n\t\t\tdata-wp-style--right=\"context.core.image.imageButtonRight\"\n\t\t\tdata-wp-style--top=\"context.core.image.imageButtonTop\"\n\t\t>\n\t\t\t<svg xmlns=\"http:\/\/www.w3.org\/2000\/svg\" width=\"12\" height=\"12\" fill=\"none\" viewBox=\"0 0 12 12\">\n\t\t\t\t<path fill=\"#fff\" d=\"M2 0a2 2 0 0 0-2 2v2h1.5V2a.5.5 0 0 1 .5-.5h2V0H2Zm2 10.5H2a.5.5 0 0 1-.5-.5V8H0v2a2 2 0 0 0 2 2h2v-1.5ZM8 12v-1.5h2a.5.5 0 0 0 .5-.5V8H12v2a2 2 0 0 1-2 2H8Zm2-12a2 2 0 0 1 2 2v2h-1.5V2a.5.5 0 0 0-.5-.5H8V0h2Z\" \/>\n\t\t\t<\/svg>\n\t\t<\/button><figcaption class=\"wp-element-caption\">Die Empfangsantennen bei SWL Ewald in Torremolinos<\/figcaption>        <div data-wp-body=\"\" class=\"wp-lightbox-overlay zoom\"\n            data-wp-bind--role=\"selectors.core.image.roleAttribute\"\n            data-wp-bind--aria-label=\"selectors.core.image.dialogLabel\"\n            data-wp-class--initialized=\"context.core.image.initialized\"\n            data-wp-class--active=\"context.core.image.lightboxEnabled\"\n            data-wp-class--hideAnimationEnabled=\"context.core.image.hideAnimationEnabled\"\n            data-wp-bind--aria-modal=\"selectors.core.image.ariaModal\"\n            data-wp-effect=\"effects.core.image.initLightbox\"\n            data-wp-on--keydown=\"actions.core.image.handleKeydown\"\n            data-wp-on--touchstart=\"actions.core.image.handleTouchStart\"\n            data-wp-on--touchmove=\"actions.core.image.handleTouchMove\"\n            data-wp-on--touchend=\"actions.core.image.handleTouchEnd\"\n            data-wp-on--click=\"actions.core.image.hideLightbox\"\n            tabindex=\"-1\"\n            >\n                <button type=\"button\" aria-label=\"Schlie\u00dfen\" style=\"fill: #000\" class=\"close-button\" data-wp-on--click=\"actions.core.image.hideLightbox\">\n                    <svg xmlns=\"http:\/\/www.w3.org\/2000\/svg\" viewBox=\"0 0 24 24\" width=\"20\" height=\"20\" aria-hidden=\"true\" focusable=\"false\"><path d=\"M13 11.8l6.1-6.3-1-1-6.1 6.2-6.1-6.2-1 1 6.1 6.3-6.5 6.7 1 1 6.5-6.6 6.5 6.6 1-1z\"><\/path><\/svg>\n                <\/button>\n                <div class=\"lightbox-image-container\">\n<figure class=\"wp-block-image size-large is-resized responsive-image\"><img decoding=\"async\" data-wp-bind--src=\"context.core.image.imageCurrentSrc\" data-wp-style--object-fit=\"selectors.core.image.lightboxObjectFit\" src=\"\" alt=\"Antenne in Spanien\" class=\"wp-image-2461\" style=\"width:374px;height:auto\"\/><figcaption class=\"wp-element-caption\">Die Empfangsantennen bei SWL Ewald in Torremolinos<\/figcaption><\/figure>\n<\/div>\n                <div class=\"lightbox-image-container\">\n<figure class=\"wp-block-image size-large is-resized enlarged-image\"><img decoding=\"async\" data-wp-bind--src=\"selectors.core.image.enlargedImgSrc\" data-wp-style--object-fit=\"selectors.core.image.lightboxObjectFit\" src=\"\" alt=\"Antenne in Spanien\" class=\"wp-image-2461\" style=\"width:374px;height:auto\"\/><figcaption class=\"wp-element-caption\">Die Empfangsantennen bei SWL Ewald in Torremolinos<\/figcaption><\/figure>\n<\/div>\n                <div class=\"scrim\" style=\"background-color: #fff\" aria-hidden=\"true\"><\/div>\n        <\/div><\/figure>\n\n\n\n<p>Es folgte ein vollst\u00e4ndiger Empfangsbericht:<br>&#8222;Datum: 20.11.2023, Zeit: 10.59 UTC, QRG: 29,650 KHz (FM), RST 559<br>Sendeinhalt: Schnelle CW ID, RX: ICOM IC-R75 Antenne: Mini Whip (5.Stock)<br>Wie bereits bemerkt, habe ich mich ueber den Empfang Ihres Relais DB0TVH sehr gefreut und ich darf um Bestaetigung des Empfangs von DB0TVH auf diesem Weg ersuchen (es wird ja wohl keine QSL Karten fuer das Relais geben (?)). Auch an den technischen Details von DB0TVH (Sendeleistung, QTH\u2026) waere ich interessiert.&#8220;<br>Mit seiner Mail kam ein Foto seiner Antennenanlage (siehe oben) und der O-Ton der Aussendung von DB0TVH als mp3-Datei:<\/p>\n\n\n\n<figure class=\"wp-block-audio\"><audio controls src=\"https:\/\/www.baerenfunk.de\/wp-content\/uploads\/2023\/11\/231120_db0tvh-um-10.59-utc.mp3\"><\/audio><\/figure>\n\n\n\n<p>Nat\u00fcrlich wird Tom den Empfang gerne best\u00e4tigen! Und f\u00fcr Ewald hier der Hinweis: Alle technischen Hintergr\u00fcnde erf\u00e4hrst Du hier: <a href=\"https:\/\/www.db0tvh.de\" target=\"_blank\" rel=\"noreferrer noopener\">https:\/\/www.db0tvh.de<\/a>.<\/p>\n","protected":false},"excerpt":{"rendered":"<p>SWL Ewald schreibt: &#8222;Als den Ruhestand in EA7 verbringender Oesterreicher habe ich habe mich gefreut, Ihr FM Relais DB0TVH hier in Torremolinos, Spanien (IM76SP) mit den folgenden Details aufnehmen zu &hellip; <\/p>\n<p class=\"link-more\"><a href=\"https:\/\/www.baerenfunk.de\/index.php\/2023\/11\/20\/db0tvh-10-meter-relais-ufb-in-torremolinos-aufgenommen\/\" class=\"more-link\"><span class=\"screen-reader-text\">\u201eDB0TVH 10 Meter Relais ufb in Torremolinos aufgenommen\u201c<\/span> weiterlesen<\/a><\/p>\n","protected":false},"author":1,"featured_media":0,"comment_status":"closed","ping_status":"closed","sticky":false,"template":"","format":"standard","meta":{"footnotes":""},"categories":[101,3],"tags":[61],"_links":{"self":[{"href":"https:\/\/www.baerenfunk.de\/index.php\/wp-json\/wp\/v2\/posts\/2460"}],"collection":[{"href":"https:\/\/www.baerenfunk.de\/index.php\/wp-json\/wp\/v2\/posts"}],"about":[{"href":"https:\/\/www.baerenfunk.de\/index.php\/wp-json\/wp\/v2\/types\/post"}],"author":[{"embeddable":true,"href":"https:\/\/www.baerenfunk.de\/index.php\/wp-json\/wp\/v2\/users\/1"}],"replies":[{"embeddable":true,"href":"https:\/\/www.baerenfunk.de\/index.php\/wp-json\/wp\/v2\/comments?post=2460"}],"version-history":[{"count":4,"href":"https:\/\/www.baerenfunk.de\/index.php\/wp-json\/wp\/v2\/posts\/2460\/revisions"}],"predecessor-version":[{"id":2470,"href":"https:\/\/www.baerenfunk.de\/index.php\/wp-json\/wp\/v2\/posts\/2460\/revisions\/2470"}],"wp:attachment":[{"href":"https:\/\/www.baerenfunk.de\/index.php\/wp-json\/wp\/v2\/media?parent=2460"}],"wp:term":[{"taxonomy":"category","embeddable":true,"href":"https:\/\/www.baerenfunk.de\/index.php\/wp-json\/wp\/v2\/categories?post=2460"},{"taxonomy":"post_tag","embeddable":true,"href":"https:\/\/www.baerenfunk.de\/index.php\/wp-json\/wp\/v2\/tags?post=2460"}],"curies":[{"name":"wp","href":"https:\/\/api.w.org\/{rel}","templated":true}]}}