{"id":2394,"date":"2023-11-09T14:35:44","date_gmt":"2023-11-09T13:35:44","guid":{"rendered":"https:\/\/www.baerenfunk.de\/?p=2394"},"modified":"2023-11-09T14:35:46","modified_gmt":"2023-11-09T13:35:46","slug":"kurzbericht-ov-abend-08-11-2023","status":"publish","type":"post","link":"https:\/\/www.baerenfunk.de\/index.php\/2023\/11\/09\/kurzbericht-ov-abend-08-11-2023\/","title":{"rendered":"Kurzbericht OV-Abend 08.11.2023"},"content":{"rendered":"\n<p>Ein kurzer Bericht zum gestrigen OV-Abend f\u00fcr alle daheim gebliebenen: Unser Treffen war mit rund zwanzig OV-Mitgliedern gut besucht. Wir haben einige Punkte angesprochen und abgestimmt.<br>In der letzten Zeit hat jemand vermehrt am Container eklige Hinterlassenschaften zur\u00fcckgelassen. Nach kurzer Diskussion beschliessen wir einstimmig, den Container ringsum mit Bewegungsmeldern, Lichtstrahlern und evtl. auch Kameras auszustatten. Wir hoffen, das dies zum gew\u00fcnschten Effekt f\u00fchrt.<br>Lacki, DC1AP regte an, den Container mit einem QR-Code zu versehen, der dann auf eine gesonderte Landing-Page auf www.baerenfunk.de verweist. Dort sollen dann Informationen zum Container &#8222;Was ist das hier?&#8220; und zum Amateurfunk stehen. Roland k\u00fcmmert sich mit Lacki zusammen um die Umsetzung.<br>POM, DG7ACF regt die Anschaffung eines Vorverst\u00e4rkers f\u00fcr 144 MHz f\u00fcr DL0TY an. Wir wir pr\u00fcfen die Kosten und schauen mal, was noch in der OV-Kasse ist.<br>Die Gastst\u00e4tte des SV Linden 07 war gut besucht &#8211; trotzdem hat das mit der Essensbestellung und den Essen ganz gut geklappt.<\/p>\n","protected":false},"excerpt":{"rendered":"<p>Ein kurzer Bericht zum gestrigen OV-Abend f\u00fcr alle daheim gebliebenen: Unser Treffen war mit rund zwanzig OV-Mitgliedern gut besucht. Wir haben einige Punkte angesprochen und abgestimmt.In der letzten Zeit hat &hellip; <\/p>\n<p class=\"link-more\"><a href=\"https:\/\/www.baerenfunk.de\/index.php\/2023\/11\/09\/kurzbericht-ov-abend-08-11-2023\/\" class=\"more-link\"><span class=\"screen-reader-text\">\u201eKurzbericht OV-Abend 08.11.2023\u201c<\/span> weiterlesen<\/a><\/p>\n","protected":false},"author":1,"featured_media":0,"comment_status":"closed","ping_status":"closed","sticky":false,"template":"","format":"standard","meta":{"footnotes":""},"categories":[75],"tags":[58,10,114],"_links":{"self":[{"href":"https:\/\/www.baerenfunk.de\/index.php\/wp-json\/wp\/v2\/posts\/2394"}],"collection":[{"href":"https:\/\/www.baerenfunk.de\/index.php\/wp-json\/wp\/v2\/posts"}],"about":[{"href":"https:\/\/www.baerenfunk.de\/index.php\/wp-json\/wp\/v2\/types\/post"}],"author":[{"embeddable":true,"href":"https:\/\/www.baerenfunk.de\/index.php\/wp-json\/wp\/v2\/users\/1"}],"replies":[{"embeddable":true,"href":"https:\/\/www.baerenfunk.de\/index.php\/wp-json\/wp\/v2\/comments?post=2394"}],"version-history":[{"count":1,"href":"https:\/\/www.baerenfunk.de\/index.php\/wp-json\/wp\/v2\/posts\/2394\/revisions"}],"predecessor-version":[{"id":2395,"href":"https:\/\/www.baerenfunk.de\/index.php\/wp-json\/wp\/v2\/posts\/2394\/revisions\/2395"}],"wp:attachment":[{"href":"https:\/\/www.baerenfunk.de\/index.php\/wp-json\/wp\/v2\/media?parent=2394"}],"wp:term":[{"taxonomy":"category","embeddable":true,"href":"https:\/\/www.baerenfunk.de\/index.php\/wp-json\/wp\/v2\/categories?post=2394"},{"taxonomy":"post_tag","embeddable":true,"href":"https:\/\/www.baerenfunk.de\/index.php\/wp-json\/wp\/v2\/tags?post=2394"}],"curies":[{"name":"wp","href":"https:\/\/api.w.org\/{rel}","templated":true}]}}