{"id":2316,"date":"2023-09-28T18:11:39","date_gmt":"2023-09-28T17:11:39","guid":{"rendered":"https:\/\/www.baerenfunk.de\/?p=2316"},"modified":"2023-09-28T18:28:45","modified_gmt":"2023-09-28T17:28:45","slug":"etwas-laenger-her","status":"publish","type":"post","link":"https:\/\/www.baerenfunk.de\/index.php\/2023\/09\/28\/etwas-laenger-her\/","title":{"rendered":"Etwas l\u00e4nger her&#8230;"},"content":{"rendered":"\n<p>\u2026ist Herbstfieldday auch schon wieder. <br><\/p>\n\n\n\n<div class=\"wp-block-columns is-layout-flex wp-container-core-columns-layout-1 wp-block-columns-is-layout-flex\">\n<div class=\"wp-block-column is-layout-flow wp-block-column-is-layout-flow\" style=\"flex-basis:100%\">\n<figure class=\"wp-block-image size-large is-resized\"><img loading=\"lazy\" decoding=\"async\" src=\"https:\/\/www.baerenfunk.de\/wp-content\/uploads\/2023\/09\/20230908_133814-768x1024.jpg\" alt=\"\" class=\"wp-image-2317\" style=\"width:350px;height:467px\" width=\"350\" height=\"467\" srcset=\"https:\/\/www.baerenfunk.de\/wp-content\/uploads\/2023\/09\/20230908_133814-768x1024.jpg 768w, https:\/\/www.baerenfunk.de\/wp-content\/uploads\/2023\/09\/20230908_133814-225x300.jpg 225w, https:\/\/www.baerenfunk.de\/wp-content\/uploads\/2023\/09\/20230908_133814-1152x1536.jpg 1152w, https:\/\/www.baerenfunk.de\/wp-content\/uploads\/2023\/09\/20230908_133814-1536x2048.jpg 1536w, https:\/\/www.baerenfunk.de\/wp-content\/uploads\/2023\/09\/20230908_133814-rotated.jpg 1734w\" sizes=\"(max-width: 350px) 100vw, 350px\" \/><\/figure>\n<\/div>\n\n\n\n<div class=\"wp-block-column is-layout-flow wp-block-column-is-layout-flow\" style=\"flex-basis:100%\">\n<p>Mit etwa f\u00fcnfzehn teilnehmenden Fieldday-Aktivisten war unser Treffen am Humboldtsee wieder recht gut besucht. Ich war schon am Mittwoch angereist, die Wiese am See war leer und bei gutem Wetter konnte ich in Ruhe mit dem Aufbau meines Funkequipments beginnen &#8211; alleine ist der Aufbau des Spiderbeams mit 10 Meter Mast immer etwas zeitaufwendiger.  <br>Was f\u00fcr unsere Fieldday-Gruppe fast ein v\u00f6llig neues Feeling war: Es war warm und sonnig und der Wetterbericht sagte f\u00fcr das Wochende auch sonniges Wetter voraus. Zu den Konsequenzen des sch\u00f6nen Wetters sp\u00e4ter noch mehr. <\/p>\n\n\n\n<p><\/p>\n<\/div>\n<\/div>\n\n\n\n<p>Am Donnerstag f\u00fcllte sich die Wiese dann langsam mit einigen anderen Mitstreitern, Eugen, Lacki, Gerd, Wilfried und andere suchten sich ein sch\u00f6nes freies Pl\u00e4tzchen aus und bauten ihr Equipment auf.<br>Unsere Fielddays sind ja fast immer eine kleine &#8222;Leistungsschau des Amateurfunks&#8220;, soviele unterschiedliche Betriebsarten und Stationsaufbauten waren zu sehen. Und jeder konnte wieder ein wenig vom anderen abschauen, fachsimpeln und Ideen entwickeln.<\/p>\n\n\n\n<div class=\"wp-block-group is-layout-constrained wp-block-group-is-layout-constrained\"><div class=\"wp-block-group__inner-container\">\n<div class=\"wp-block-columns is-layout-flex wp-container-core-columns-layout-2 wp-block-columns-is-layout-flex\">\n<div class=\"wp-block-column is-layout-flow wp-block-column-is-layout-flow\" style=\"flex-basis:100%\">\n<div class=\"wp-block-group is-layout-constrained wp-block-group-is-layout-constrained\"><div class=\"wp-block-group__inner-container\">\n<div class=\"wp-block-group is-layout-constrained wp-block-group-is-layout-constrained\"><div class=\"wp-block-group__inner-container\">\n<figure class=\"wp-block-gallery has-nested-images columns-default is-cropped wp-block-gallery-1 is-layout-flex wp-block-gallery-is-layout-flex\">\n<figure class=\"wp-block-image size-large\"><img loading=\"lazy\" decoding=\"async\" width=\"768\" height=\"1024\" src=\"https:\/\/www.baerenfunk.de\/wp-content\/uploads\/2023\/09\/20230908_151924-768x1024.jpg\" alt=\"\" class=\"wp-image-2321\" srcset=\"https:\/\/www.baerenfunk.de\/wp-content\/uploads\/2023\/09\/20230908_151924-768x1024.jpg 768w, https:\/\/www.baerenfunk.de\/wp-content\/uploads\/2023\/09\/20230908_151924-225x300.jpg 225w, https:\/\/www.baerenfunk.de\/wp-content\/uploads\/2023\/09\/20230908_151924-rotated.jpg 1040w\" sizes=\"(max-width: 767px) 89vw, (max-width: 1000px) 54vw, (max-width: 1071px) 543px, 580px\" \/><\/figure>\n\n\n\n<figure class=\"wp-block-image size-large\"><img loading=\"lazy\" decoding=\"async\" width=\"768\" height=\"1024\" src=\"https:\/\/www.baerenfunk.de\/wp-content\/uploads\/2023\/09\/20230908_150959-768x1024.jpg\" alt=\"\" class=\"wp-image-2320\" srcset=\"https:\/\/www.baerenfunk.de\/wp-content\/uploads\/2023\/09\/20230908_150959-768x1024.jpg 768w, https:\/\/www.baerenfunk.de\/wp-content\/uploads\/2023\/09\/20230908_150959-225x300.jpg 225w, https:\/\/www.baerenfunk.de\/wp-content\/uploads\/2023\/09\/20230908_150959-rotated.jpg 1040w\" sizes=\"(max-width: 767px) 89vw, (max-width: 1000px) 54vw, (max-width: 1071px) 543px, 580px\" \/><\/figure>\n\n\n\n<figure class=\"wp-block-image size-large\"><img loading=\"lazy\" decoding=\"async\" width=\"1024\" height=\"768\" src=\"https:\/\/www.baerenfunk.de\/wp-content\/uploads\/2023\/09\/20230908_150134-1024x768.jpg\" alt=\"\" class=\"wp-image-2319\" srcset=\"https:\/\/www.baerenfunk.de\/wp-content\/uploads\/2023\/09\/20230908_150134-1024x768.jpg 1024w, https:\/\/www.baerenfunk.de\/wp-content\/uploads\/2023\/09\/20230908_150134-300x225.jpg 300w, https:\/\/www.baerenfunk.de\/wp-content\/uploads\/2023\/09\/20230908_150134-768x576.jpg 768w, https:\/\/www.baerenfunk.de\/wp-content\/uploads\/2023\/09\/20230908_150134-1536x1152.jpg 1536w, https:\/\/www.baerenfunk.de\/wp-content\/uploads\/2023\/09\/20230908_150134-2048x1536.jpg 2048w\" sizes=\"(max-width: 767px) 89vw, (max-width: 1000px) 54vw, (max-width: 1071px) 543px, 580px\" \/><\/figure>\n<\/figure>\n<\/div><\/div>\n<\/div><\/div>\n<\/div>\n<\/div>\n<\/div><\/div>\n\n\n\n<p>Von der portablen EME-Anlage von Gerd DL5BBH \u00fcber Wilfrieds DJ1WFs QO-100 Anlage (nur echt mit Dosenantenne!) \u00fcber diverse Vertikals f\u00fcr Kurzwelle bis hin zum Spiderbeam konnte man wirklich viele Spielarten des Amateurfunks live und in Farbe begutachten. Kai DO9KAS experimentierte mit seiner Leichtbau-Satellitenantenne und der Selbstbau-Steuerung. Hier hatten wir alle Platz und konnten viel ausprobieren.<br>Und dann am Freitag sp\u00e4t Nachmittags bekamen wir den Nachteil des sch\u00f6nen Wetters zu sp\u00fcren: &#8222;Unsere&#8220; Wiese am Humboldtsee f\u00fcllte sich zusehends mit anderen Wochenend-Campern, die sich zuletzt wirklich in jede freie L\u00fccke dr\u00e4ngten &#8211; es h\u00e4tte nicht viel gefehlt und einige h\u00e4tten ihr Auto fast unter Ingos Markise abgestellt \ud83d\ude09 .<br>So war nat\u00fcrlich auch bald Gerd die freie Sicht f\u00fcr EME verstellt &#8211; ferner tobten Kinder um die Anlage herum, was ihn dann doch zum baldigen Abbau der Anlage bewegte. Aber nat\u00fcrlich interessierten sich auch viele Camper f\u00fcr das, was wir so taten und es entstanden viele spontane Gesp\u00e4che, in denen wir unsere Aktivit\u00e4teten erl\u00e4uterten.<br>Die Bedingungen insbesondere auf Kurzwelle waren sehr gut, so dass sich die Kurzwellenfunker \u00fcber viel DX gefreut haben. <br><\/p>\n\n\n\n<figure class=\"wp-block-image size-large\"><img loading=\"lazy\" decoding=\"async\" width=\"1024\" height=\"653\" src=\"https:\/\/www.baerenfunk.de\/wp-content\/uploads\/2023\/09\/photo_2023-09-10_19-44-55-1024x653.jpg\" alt=\"\" class=\"wp-image-2324\" srcset=\"https:\/\/www.baerenfunk.de\/wp-content\/uploads\/2023\/09\/photo_2023-09-10_19-44-55-1024x653.jpg 1024w, https:\/\/www.baerenfunk.de\/wp-content\/uploads\/2023\/09\/photo_2023-09-10_19-44-55-300x191.jpg 300w, https:\/\/www.baerenfunk.de\/wp-content\/uploads\/2023\/09\/photo_2023-09-10_19-44-55-768x490.jpg 768w, https:\/\/www.baerenfunk.de\/wp-content\/uploads\/2023\/09\/photo_2023-09-10_19-44-55.jpg 1470w\" sizes=\"(max-width: 767px) 89vw, (max-width: 1000px) 54vw, (max-width: 1071px) 543px, 580px\" \/><\/figure>\n\n\n\n<p>Ich selbst bin allerdings so sp\u00e4t aufgestanden, dass ich die morgendlichen VKs verpasst habe.<br>Die Restauration am Campingplatz hatte wieder ge\u00f6ffnet, das war im M\u00e4rz noch nicht der Fall. So konnten wir uns auch von der recht guten K\u00fcche verw\u00f6hnen lassen &#8211; auch wenn sie am Samstag vom Ansturm der G\u00e4ste \u00fcberrannt wurde und wir lange warten mussten. Aber das Warten wurde dann halt mit regem Informationsaustausch gef\u00fcllt &#8211; so hatte ich die Chance von Torsten DC9TH und Nicole DD9NW viel \u00fcber Geocaching zu lernen und einen Tip f\u00fcr gute wiederverwendbare Kabelbinder zu bekommen. Erw\u00e4hnt werden muss auch: Nat\u00fcrlich brachten Marion und wolfgang am Samstagnachmittag wieder den von vielen schon hei\u00df ersehnten Kuchen vorbei.<br>Am Sonntag nahmen wir dann am Best\u00e4tigungsverkehr des Rundspruchs teil. Helmut, DF9OO hatte im Best\u00e4tigungsverkehr von DL0DN sogar eine Sonderlocke f\u00fcr uns eingebaut. So wurden die H48ler gesondert um Best\u00e4tigung gebeten.<br>Mit der best\u00e4tigung \u00fcber DL0HV hatten diesmal die Benutzer der Vertikals ein Problemchen &#8211; der Best\u00e4tigungsverkehr wurde offensichtlich mit eine horizontal polarisierten Antenne durchgef\u00fchrt. Da half dann auch eine (vertikale) Moregain-Antenne auf unserer Seite nicht.<br>Nach dem Best\u00e4tigungsverkehr wurde dann langsam abgebaut. Und wi eimmer gilt bei uns: Nach dem Fieldday ist vor dem Fieldday&#8230;Sogar die Antennenanlage und Strategie f\u00fcr den 160m Contest im Winter haben wir schon geplant. So geht Amateurfunk! <br>Und was w\u00e4re der Fieldday ohne Wilfrieds Fieldday-Video&#8230; Hier ist es:<br><a href=\"https:\/\/www.facebook.com\/wilfried.fritz.1\/videos\/734612108475068?locale=de_DE\">https:\/\/www.facebook.com\/wilfried.fritz.1\/videos\/734612108475068?locale=de_DE<\/a><\/p>\n","protected":false},"excerpt":{"rendered":"<p>\u2026ist Herbstfieldday auch schon wieder. Mit etwa f\u00fcnfzehn teilnehmenden Fieldday-Aktivisten war unser Treffen am Humboldtsee wieder recht gut besucht. Ich war schon am Mittwoch angereist, die Wiese am See war &hellip; <\/p>\n<p class=\"link-more\"><a href=\"https:\/\/www.baerenfunk.de\/index.php\/2023\/09\/28\/etwas-laenger-her\/\" class=\"more-link\"><span class=\"screen-reader-text\">\u201eEtwas l\u00e4nger her&#8230;\u201c<\/span> weiterlesen<\/a><\/p>\n","protected":false},"author":1,"featured_media":0,"comment_status":"closed","ping_status":"closed","sticky":false,"template":"","format":"standard","meta":{"footnotes":""},"categories":[3,4],"tags":[48],"_links":{"self":[{"href":"https:\/\/www.baerenfunk.de\/index.php\/wp-json\/wp\/v2\/posts\/2316"}],"collection":[{"href":"https:\/\/www.baerenfunk.de\/index.php\/wp-json\/wp\/v2\/posts"}],"about":[{"href":"https:\/\/www.baerenfunk.de\/index.php\/wp-json\/wp\/v2\/types\/post"}],"author":[{"embeddable":true,"href":"https:\/\/www.baerenfunk.de\/index.php\/wp-json\/wp\/v2\/users\/1"}],"replies":[{"embeddable":true,"href":"https:\/\/www.baerenfunk.de\/index.php\/wp-json\/wp\/v2\/comments?post=2316"}],"version-history":[{"count":5,"href":"https:\/\/www.baerenfunk.de\/index.php\/wp-json\/wp\/v2\/posts\/2316\/revisions"}],"predecessor-version":[{"id":2329,"href":"https:\/\/www.baerenfunk.de\/index.php\/wp-json\/wp\/v2\/posts\/2316\/revisions\/2329"}],"wp:attachment":[{"href":"https:\/\/www.baerenfunk.de\/index.php\/wp-json\/wp\/v2\/media?parent=2316"}],"wp:term":[{"taxonomy":"category","embeddable":true,"href":"https:\/\/www.baerenfunk.de\/index.php\/wp-json\/wp\/v2\/categories?post=2316"},{"taxonomy":"post_tag","embeddable":true,"href":"https:\/\/www.baerenfunk.de\/index.php\/wp-json\/wp\/v2\/tags?post=2316"}],"curies":[{"name":"wp","href":"https:\/\/api.w.org\/{rel}","templated":true}]}}