{"id":229,"date":"2018-10-22T21:22:54","date_gmt":"2018-10-22T19:22:54","guid":{"rendered":"http:\/\/www.baerenfunk.de\/?p=229"},"modified":"2018-10-22T21:22:54","modified_gmt":"2018-10-22T19:22:54","slug":"morgen-dienstagvormittag-soltau-funkt-mit-der-iss","status":"publish","type":"post","link":"https:\/\/www.baerenfunk.de\/index.php\/2018\/10\/22\/morgen-dienstagvormittag-soltau-funkt-mit-der-iss\/","title":{"rendered":"Morgen Dienstagvormittag: Soltau funkt mit der ISS"},"content":{"rendered":"<p>Jan, DK1OM, OVV vom H02 und fr\u00fcher Mitglied der Schwarzen B\u00e4ren liess uns folgende Nachricht zukommen:<\/p>\n<p>Am zur\u00fcckliegenden Wochenende haben die \u201eSpace Cowboys\u201c unseres Vereins die letzten Vorbereitungen f\u00fcr den Funk-Kontakt mit der ISS abgeschlossen.<\/p>\n<p>Die Antennenanlage mit Computer-gesteuerter Bahnverfolgung funktioniert, die Backup-Anlage funktioniert ebenfalls, die Funkger\u00e4te sind justiert, die B\u00fchne steht, die Mikrofone sind eingepegelt, die Pr\u00e4sentationstechnik klappt, die Benachrichtigung an die Medien ist erfolgt.<\/p>\n<p>Heute Nachmittag trainieren wir ein letztes Mal den Ablauf mit den Sch\u00fclern.<\/p>\n<p>Und dann warten wir am Dienstag um 11.14 Uhr nur noch auf die erl\u00f6senden Worte von Alexander Gerst:<\/p>\n<p>\u201eSoltau, I hear you loud and clear\u201c<\/p>\n<p>Bereits 2014 war Astronaut Alexander Gerst f\u00fcr mehrere Monate an Bord der Internationalen Raumstation ISS. Neben der Durchf\u00fchrung zahlreicher wissenschaftlicher Experimente nutzte Gerst seine Freizeit, um von der ISS mehrere Funkkontakte zu Schulstationen auf der Erde durchzuf\u00fchren.<\/p>\n<p>Auch bei der aktuellen Mission nimmt Gerst wieder von der ISS Kontakt zu mehreren Schulen auf.<\/p>\n<p>Das Gymnasium Soltau hat sich erfolgreich beworben!<\/p>\n<p>Wegen der gro\u00dfen Nachfrage f\u00fcr die 10 m\u00f6glichen Kontakte hat man dieses Mal jeweils 2 Schulen zu einem Event zusammen gepackt. Partner des Gymnasium Soltau wird die IGS Osterholz-Scharmbeck sein.<\/p>\n<p>Die Technische Unterst\u00fctzung der Schule erfolgt durch den Deutschen Amateur-Radio-Club OV Walsrode.<\/p>\n<p>Leider wurde unser urspr\u00fcnglich f\u00fcr August geplanter Kontakt von der NASA kurzfristig abgesagt und auf Oktober verschoben. Dieser Kontakt wurde jetzt (erneut sehr kurzfristig) konkret zugesagt. Unser neuer Termin:<\/p>\n<p>Dienstag, 23.10.2018 ab 11:14 Uhr MESZ<\/p>\n<p>Veranstaltungsort ist das Forum des Gymnasium Soltau.<br \/>\nDie Veranstaltung wird von einem kleinen Rahmenprogramm begleitet und etwa 1 Stunde vor dem Kontakt beginnen.<\/p>\n<p>Wir w\u00fcrden uns sehr \u00fcber einen Besuch von euch zu diesem aussergew\u00f6hnlichen Ereignis freuen.<br \/>\nWeitere Informationen k\u00f6nnen Sie diesen Webseiten entnehmen:<\/p>\n<p><a href=\"https:\/\/www.darc.de\/der-club\/distrikte\/h\/ortsverbaende\/02\/aktivitaeten\/#c228762\">https:\/\/www.darc.de\/der-club\/distrikte\/h\/ortsverbaende\/02\/aktivitaeten\/#c228762<\/a><\/p>\n<p><a href=\"https:\/\/wiki.funkfreun.de\/projekte\/ariss-igs\">https:\/\/wiki.funkfreun.de\/projekte\/ariss-igs<\/a><\/p>\n","protected":false},"excerpt":{"rendered":"<p>Jan, DK1OM, OVV vom H02 und fr\u00fcher Mitglied der Schwarzen B\u00e4ren liess uns folgende Nachricht zukommen: Am zur\u00fcckliegenden Wochenende haben die \u201eSpace Cowboys\u201c unseres Vereins die letzten Vorbereitungen f\u00fcr den &hellip; <\/p>\n<p class=\"link-more\"><a href=\"https:\/\/www.baerenfunk.de\/index.php\/2018\/10\/22\/morgen-dienstagvormittag-soltau-funkt-mit-der-iss\/\" class=\"more-link\"><span class=\"screen-reader-text\">\u201eMorgen Dienstagvormittag: Soltau funkt mit der ISS\u201c<\/span> weiterlesen<\/a><\/p>\n","protected":false},"author":1,"featured_media":0,"comment_status":"open","ping_status":"open","sticky":false,"template":"","format":"standard","meta":{"footnotes":""},"categories":[3],"tags":[],"_links":{"self":[{"href":"https:\/\/www.baerenfunk.de\/index.php\/wp-json\/wp\/v2\/posts\/229"}],"collection":[{"href":"https:\/\/www.baerenfunk.de\/index.php\/wp-json\/wp\/v2\/posts"}],"about":[{"href":"https:\/\/www.baerenfunk.de\/index.php\/wp-json\/wp\/v2\/types\/post"}],"author":[{"embeddable":true,"href":"https:\/\/www.baerenfunk.de\/index.php\/wp-json\/wp\/v2\/users\/1"}],"replies":[{"embeddable":true,"href":"https:\/\/www.baerenfunk.de\/index.php\/wp-json\/wp\/v2\/comments?post=229"}],"version-history":[{"count":0,"href":"https:\/\/www.baerenfunk.de\/index.php\/wp-json\/wp\/v2\/posts\/229\/revisions"}],"wp:attachment":[{"href":"https:\/\/www.baerenfunk.de\/index.php\/wp-json\/wp\/v2\/media?parent=229"}],"wp:term":[{"taxonomy":"category","embeddable":true,"href":"https:\/\/www.baerenfunk.de\/index.php\/wp-json\/wp\/v2\/categories?post=229"},{"taxonomy":"post_tag","embeddable":true,"href":"https:\/\/www.baerenfunk.de\/index.php\/wp-json\/wp\/v2\/tags?post=229"}],"curies":[{"name":"wp","href":"https:\/\/api.w.org\/{rel}","templated":true}]}}