{"id":2257,"date":"2023-07-29T17:16:18","date_gmt":"2023-07-29T16:16:18","guid":{"rendered":"https:\/\/www.baerenfunk.de\/?p=2257"},"modified":"2023-08-14T07:09:07","modified_gmt":"2023-08-14T06:09:07","slug":"die-wuerfel-sind-gefallen","status":"publish","type":"post","link":"https:\/\/www.baerenfunk.de\/index.php\/2023\/07\/29\/die-wuerfel-sind-gefallen\/","title":{"rendered":"Die W\u00fcrfel zum Herbst-Fieldday sind gefallen"},"content":{"rendered":"\n<figure class=\"wp-block-image size-large is-resized\"><img loading=\"lazy\" decoding=\"async\" src=\"https:\/\/www.baerenfunk.de\/wp-content\/uploads\/2023\/07\/20221016_121710-1-1024x768.jpg\" alt=\"\" class=\"wp-image-2261\" width=\"514\" height=\"385\" srcset=\"https:\/\/www.baerenfunk.de\/wp-content\/uploads\/2023\/07\/20221016_121710-1-1024x768.jpg 1024w, https:\/\/www.baerenfunk.de\/wp-content\/uploads\/2023\/07\/20221016_121710-1-300x225.jpg 300w, https:\/\/www.baerenfunk.de\/wp-content\/uploads\/2023\/07\/20221016_121710-1-768x576.jpg 768w, https:\/\/www.baerenfunk.de\/wp-content\/uploads\/2023\/07\/20221016_121710-1-1536x1152.jpg 1536w, https:\/\/www.baerenfunk.de\/wp-content\/uploads\/2023\/07\/20221016_121710-1-rotated.jpg 1672w\" sizes=\"(max-width: 514px) 100vw, 514px\" \/><\/figure>\n\n\n\n<p>Der Termin f\u00fcr unseren Herbst-Fieldday steht fest. Bei einigen pers\u00f6nlichen R\u00fcckmeldungen und der Doodle-Umfrage stellte sich das zweite September-Wochenende vom <strong>08.09.2023 bis zum 10.09.2023<\/strong> als passender Termin heraus. Als Ort haben wir wieder den <strong>Campingpark Humboldtsee<\/strong> gew\u00e4hlt &#8211; bei Fatima in Hameln findet leider das &#8222;Camper-Camp&#8220;, eine gr\u00f6\u00dfere Veranstaltung statt.<br>Der Campingpark Humboldtsee hat sein &#8218;Okay&#8216; signalisiert, so dass wir dort also wieder auflaufen k\u00f6nnen. Also: Hier auf der baerenfunk-Seite k\u00f6nnt ihr Euch unter dem Link <a href=\"https:\/\/www.baerenfunk.de\/index.php\/event\/herbstfieldday-2023\/\" target=\"_blank\" rel=\"noreferrer noopener\">https:\/\/www.baerenfunk.de\/index.php\/event\/herbstfieldday-2023\/<\/a> anmelden. Angemeldete DARC-Mitglieder sind bei der Anreise und der Veranstaltung \u00fcber den DARC e.V. versichert.<br>Also: Bitte hier anmelden: <a href=\"https:\/\/www.baerenfunk.de\/index.php\/event\/herbstfieldday-2023\/\" target=\"_blank\" rel=\"noreferrer noopener\">https:\/\/www.baerenfunk.de\/index.php\/event\/herbstfieldday-2023\/<\/a><\/p>\n","protected":false},"excerpt":{"rendered":"<p>Fieldday H48 am zweiten Septemberwochenende im Campingpark Humboldtsee<\/p>\n","protected":false},"author":1,"featured_media":0,"comment_status":"closed","ping_status":"closed","sticky":false,"template":"","format":"standard","meta":{"footnotes":""},"categories":[4],"tags":[108],"_links":{"self":[{"href":"https:\/\/www.baerenfunk.de\/index.php\/wp-json\/wp\/v2\/posts\/2257"}],"collection":[{"href":"https:\/\/www.baerenfunk.de\/index.php\/wp-json\/wp\/v2\/posts"}],"about":[{"href":"https:\/\/www.baerenfunk.de\/index.php\/wp-json\/wp\/v2\/types\/post"}],"author":[{"embeddable":true,"href":"https:\/\/www.baerenfunk.de\/index.php\/wp-json\/wp\/v2\/users\/1"}],"replies":[{"embeddable":true,"href":"https:\/\/www.baerenfunk.de\/index.php\/wp-json\/wp\/v2\/comments?post=2257"}],"version-history":[{"count":6,"href":"https:\/\/www.baerenfunk.de\/index.php\/wp-json\/wp\/v2\/posts\/2257\/revisions"}],"predecessor-version":[{"id":2268,"href":"https:\/\/www.baerenfunk.de\/index.php\/wp-json\/wp\/v2\/posts\/2257\/revisions\/2268"}],"wp:attachment":[{"href":"https:\/\/www.baerenfunk.de\/index.php\/wp-json\/wp\/v2\/media?parent=2257"}],"wp:term":[{"taxonomy":"category","embeddable":true,"href":"https:\/\/www.baerenfunk.de\/index.php\/wp-json\/wp\/v2\/categories?post=2257"},{"taxonomy":"post_tag","embeddable":true,"href":"https:\/\/www.baerenfunk.de\/index.php\/wp-json\/wp\/v2\/tags?post=2257"}],"curies":[{"name":"wp","href":"https:\/\/api.w.org\/{rel}","templated":true}]}}