{"id":2236,"date":"2023-07-20T10:25:54","date_gmt":"2023-07-20T09:25:54","guid":{"rendered":"https:\/\/www.baerenfunk.de\/?p=2236"},"modified":"2023-07-20T20:17:40","modified_gmt":"2023-07-20T19:17:40","slug":"und-was-alles-so-geschah","status":"publish","type":"post","link":"https:\/\/www.baerenfunk.de\/index.php\/2023\/07\/20\/und-was-alles-so-geschah\/","title":{"rendered":"&#8230;und was alles so geschah&#8230;"},"content":{"rendered":"\n<p>Seit dem letzten Eintrag hier ist es einige Zeit her. Der Autor dieser Zeilen war mit dem Wohnmobil ausserhalb DL unterwegs &#8211; andere besuchten den Funk:Tag in Kassel oder die Ham Radio am Bodensee. Wir haben das OV-Lokal gewechselt. Offensichtlich wollte der Vorstand des Sportvereins und die Wirtin uns loswerden &#8211; anders kann man ihr Verhalten uns gegen\u00fcber nicht deuten. <br>Seit dem 13.05.2023 treffen wir uns in der Gastst\u00e4tte des Deutschen Ruderclubs von 1884 e.V. Hannover in der Roesebeckstr. 1 in 30449 Hannover-Linden (Haltestelle Siloah). <\/p>\n\n\n\n<figure class=\"wp-block-image size-large is-resized\"><img loading=\"lazy\" decoding=\"async\" src=\"https:\/\/www.baerenfunk.de\/wp-content\/uploads\/2023\/07\/photo_2023-04-18_19-18-47-1024x768.jpg\" alt=\"\" class=\"wp-image-2237\" width=\"559\" height=\"419\" srcset=\"https:\/\/www.baerenfunk.de\/wp-content\/uploads\/2023\/07\/photo_2023-04-18_19-18-47-1024x768.jpg 1024w, https:\/\/www.baerenfunk.de\/wp-content\/uploads\/2023\/07\/photo_2023-04-18_19-18-47-300x225.jpg 300w, https:\/\/www.baerenfunk.de\/wp-content\/uploads\/2023\/07\/photo_2023-04-18_19-18-47-768x576.jpg 768w, https:\/\/www.baerenfunk.de\/wp-content\/uploads\/2023\/07\/photo_2023-04-18_19-18-47.jpg 1280w\" sizes=\"(max-width: 559px) 100vw, 559px\" \/><\/figure>\n\n\n\n<p>Der Austausch und die Kommunikation untereinander fand \u00fcberwiegend via Funk, WhatsApp oder Telegram statt. Hinzu kam ein Defekt des baerenfunk-Servers, so dass er f\u00fcr fast zwei Monate offline war.<br>Das hat sich jetzt alles wieder eingeruckelt. Ant\u00fcrlich war auch im Juli OV-Abend. F\u00fcr alle daheim gebliebenen oder Urlauber eine kurze Zusammenfassung:<br>Bei sch\u00f6nem Wetter trafen sich ca. 15 OV-Mitglieder auf des Terrasse des Ruderclubs. Wesentliches Ergebnis des Abends war, dass f\u00fcr die Reparaturarbeiten am <strong>Container<\/strong> Termine und einige Absprachen getroffen wurden. Somit hoffen wir, das der Container im Herbst wieder einen begehbaren Eingangsbereich hat. Die wesentlichen Arbeiten hierf\u00fcr sollen Mitte August durchgef\u00fchrt werden.<br>Ferner will die Hamnet-Crew die <strong>Linkstrecken zu DB0TVH<\/strong> mit neuerer Technologie austatten. Hierf\u00fcr mu\u00df bei DB0TVH allerdings vorbereitend auch noch ein Netzwerkkabel abgemessen und verlegt werden. Auch dies soll in der n\u00e4chsten Zeit geschehen.<br><strong>Herbst-Fieldday<\/strong>: Leider hat Fatima auf dem Gruppencampingplatz wieder ein Festival &#8211; das liegt immer Anfang September. <br>Gleichzeitig ringen wir mit dem Termin &#8211; soll es des erste oder das zweite Wochenende im September werden? Die Diskussion l\u00e4uft noch in der Fieldday-Gruppe.<\/p>\n","protected":false},"excerpt":{"rendered":"<p>Seit dem letzten Eintrag hier ist es einige Zeit her. Der Autor dieser Zeilen war mit dem Wohnmobil ausserhalb DL unterwegs &#8211; andere besuchten den Funk:Tag in Kassel oder die &hellip; <\/p>\n<p class=\"link-more\"><a href=\"https:\/\/www.baerenfunk.de\/index.php\/2023\/07\/20\/und-was-alles-so-geschah\/\" class=\"more-link\"><span class=\"screen-reader-text\">\u201e&#8230;und was alles so geschah&#8230;\u201c<\/span> weiterlesen<\/a><\/p>\n","protected":false},"author":1,"featured_media":0,"comment_status":"closed","ping_status":"closed","sticky":false,"template":"","format":"standard","meta":{"footnotes":""},"categories":[4,75],"tags":[42],"_links":{"self":[{"href":"https:\/\/www.baerenfunk.de\/index.php\/wp-json\/wp\/v2\/posts\/2236"}],"collection":[{"href":"https:\/\/www.baerenfunk.de\/index.php\/wp-json\/wp\/v2\/posts"}],"about":[{"href":"https:\/\/www.baerenfunk.de\/index.php\/wp-json\/wp\/v2\/types\/post"}],"author":[{"embeddable":true,"href":"https:\/\/www.baerenfunk.de\/index.php\/wp-json\/wp\/v2\/users\/1"}],"replies":[{"embeddable":true,"href":"https:\/\/www.baerenfunk.de\/index.php\/wp-json\/wp\/v2\/comments?post=2236"}],"version-history":[{"count":2,"href":"https:\/\/www.baerenfunk.de\/index.php\/wp-json\/wp\/v2\/posts\/2236\/revisions"}],"predecessor-version":[{"id":2240,"href":"https:\/\/www.baerenfunk.de\/index.php\/wp-json\/wp\/v2\/posts\/2236\/revisions\/2240"}],"wp:attachment":[{"href":"https:\/\/www.baerenfunk.de\/index.php\/wp-json\/wp\/v2\/media?parent=2236"}],"wp:term":[{"taxonomy":"category","embeddable":true,"href":"https:\/\/www.baerenfunk.de\/index.php\/wp-json\/wp\/v2\/categories?post=2236"},{"taxonomy":"post_tag","embeddable":true,"href":"https:\/\/www.baerenfunk.de\/index.php\/wp-json\/wp\/v2\/tags?post=2236"}],"curies":[{"name":"wp","href":"https:\/\/api.w.org\/{rel}","templated":true}]}}