{"id":2178,"date":"2023-10-20T14:02:37","date_gmt":"2023-10-20T13:02:37","guid":{"rendered":"https:\/\/www.baerenfunk.de\/?p=2178"},"modified":"2023-10-20T14:02:40","modified_gmt":"2023-10-20T13:02:40","slug":"antennenbau-bei-dl0ty","status":"publish","type":"post","link":"https:\/\/www.baerenfunk.de\/index.php\/2023\/10\/20\/antennenbau-bei-dl0ty\/","title":{"rendered":"Antennenbau bei DL0TY"},"content":{"rendered":"\n<p>Aktive B\u00e4ren beim Antennenbau am 15.10.2023: Gerd DL5BBH, Gerd DB1AI, Kai DO9KAS, Eugen DL5UHR, Rainer DF2ALC, Lacki DC1AP gaben ihr Bestes, um einen 2x 28 Meter Drahtdipol in den B\u00e4umen bei DL0TY zu montieren.<br>Vorher wurde mit Unterst\u00fctzung durch den Baumpfleger der Stadt Hannover die entsprechende Seilkonstruktion f\u00fcr die Antenne in die B\u00e4ume fachm\u00e4nnisch eingebracht.<br>Planung, Absprachen, Materialbeschaffung und die Herstellung einzelner Bauteile hat mehrere Monate in Anspruch genommen. <br>\u00dcber das Ergebnis k\u00f6nnen wir uns freuen &#8211; DL0TY verf\u00fcgt jetzt neben dem Beam auch \u00fcber einen per automatischem Tuner anpassbaren Drahtdipol mit H\u00fchnerleiter. Das wird uns vom Berg aus sicher weitere sch\u00f6ne Funkverbindungen in alle Welt erm\u00f6glichen. <br>Danke an das ganze Antennenbau-Team.<\/p>\n\n\n\n<figure class=\"wp-block-image size-large\"><img loading=\"lazy\" decoding=\"async\" width=\"1024\" height=\"768\" src=\"https:\/\/www.baerenfunk.de\/wp-content\/uploads\/2023\/10\/photo_2023-10-15_17-09-38-1024x768.jpg\" alt=\"\" class=\"wp-image-2337\" srcset=\"https:\/\/www.baerenfunk.de\/wp-content\/uploads\/2023\/10\/photo_2023-10-15_17-09-38-1024x768.jpg 1024w, https:\/\/www.baerenfunk.de\/wp-content\/uploads\/2023\/10\/photo_2023-10-15_17-09-38-300x225.jpg 300w, https:\/\/www.baerenfunk.de\/wp-content\/uploads\/2023\/10\/photo_2023-10-15_17-09-38-768x576.jpg 768w, https:\/\/www.baerenfunk.de\/wp-content\/uploads\/2023\/10\/photo_2023-10-15_17-09-38.jpg 1280w\" sizes=\"(max-width: 767px) 89vw, (max-width: 1000px) 54vw, (max-width: 1071px) 543px, 580px\" \/><\/figure>\n\n\n\n<figure class=\"wp-block-image size-large\"><img loading=\"lazy\" decoding=\"async\" width=\"1024\" height=\"768\" src=\"https:\/\/www.baerenfunk.de\/wp-content\/uploads\/2023\/10\/photo_2023-10-20_14-59-36-1024x768.jpg\" alt=\"\" class=\"wp-image-2338\" srcset=\"https:\/\/www.baerenfunk.de\/wp-content\/uploads\/2023\/10\/photo_2023-10-20_14-59-36-1024x768.jpg 1024w, https:\/\/www.baerenfunk.de\/wp-content\/uploads\/2023\/10\/photo_2023-10-20_14-59-36-300x225.jpg 300w, https:\/\/www.baerenfunk.de\/wp-content\/uploads\/2023\/10\/photo_2023-10-20_14-59-36-768x576.jpg 768w, https:\/\/www.baerenfunk.de\/wp-content\/uploads\/2023\/10\/photo_2023-10-20_14-59-36.jpg 1280w\" sizes=\"(max-width: 767px) 89vw, (max-width: 1000px) 54vw, (max-width: 1071px) 543px, 580px\" \/><\/figure>\n","protected":false},"excerpt":{"rendered":"<p>Aktive B\u00e4ren beim Antennenbau am 15.10.2023: Gerd DL5BBH, Gerd DB1AI, Kai DO9KAS, Eugen DL5UHR, Rainer DF2ALC, Lacki DC1AP gaben ihr Bestes, um einen 2x 28 Meter Drahtdipol in den B\u00e4umen &hellip; <\/p>\n<p class=\"link-more\"><a href=\"https:\/\/www.baerenfunk.de\/index.php\/2023\/10\/20\/antennenbau-bei-dl0ty\/\" class=\"more-link\"><span class=\"screen-reader-text\">\u201eAntennenbau bei DL0TY\u201c<\/span> weiterlesen<\/a><\/p>\n","protected":false},"author":1,"featured_media":0,"comment_status":"closed","ping_status":"closed","sticky":false,"template":"","format":"standard","meta":{"footnotes":""},"categories":[4],"tags":[10,15],"_links":{"self":[{"href":"https:\/\/www.baerenfunk.de\/index.php\/wp-json\/wp\/v2\/posts\/2178"}],"collection":[{"href":"https:\/\/www.baerenfunk.de\/index.php\/wp-json\/wp\/v2\/posts"}],"about":[{"href":"https:\/\/www.baerenfunk.de\/index.php\/wp-json\/wp\/v2\/types\/post"}],"author":[{"embeddable":true,"href":"https:\/\/www.baerenfunk.de\/index.php\/wp-json\/wp\/v2\/users\/1"}],"replies":[{"embeddable":true,"href":"https:\/\/www.baerenfunk.de\/index.php\/wp-json\/wp\/v2\/comments?post=2178"}],"version-history":[{"count":2,"href":"https:\/\/www.baerenfunk.de\/index.php\/wp-json\/wp\/v2\/posts\/2178\/revisions"}],"predecessor-version":[{"id":2339,"href":"https:\/\/www.baerenfunk.de\/index.php\/wp-json\/wp\/v2\/posts\/2178\/revisions\/2339"}],"wp:attachment":[{"href":"https:\/\/www.baerenfunk.de\/index.php\/wp-json\/wp\/v2\/media?parent=2178"}],"wp:term":[{"taxonomy":"category","embeddable":true,"href":"https:\/\/www.baerenfunk.de\/index.php\/wp-json\/wp\/v2\/categories?post=2178"},{"taxonomy":"post_tag","embeddable":true,"href":"https:\/\/www.baerenfunk.de\/index.php\/wp-json\/wp\/v2\/tags?post=2178"}],"curies":[{"name":"wp","href":"https:\/\/api.w.org\/{rel}","templated":true}]}}