{"id":2172,"date":"2023-03-17T17:58:46","date_gmt":"2023-03-17T16:58:46","guid":{"rendered":"https:\/\/www.baerenfunk.de\/?p=2172"},"modified":"2023-04-04T18:16:18","modified_gmt":"2023-04-04T17:16:18","slug":"jahreshauptversammlung-2023","status":"publish","type":"post","link":"https:\/\/www.baerenfunk.de\/index.php\/2023\/03\/17\/jahreshauptversammlung-2023\/","title":{"rendered":"Jahreshauptversammlung 2023"},"content":{"rendered":"\n<p>Unsere JHV am 08.03.2023 hatte keine Wahlen auf dem Programm &#8211; somit gibt es auch keine Ver\u00e4nderungen im Vorstand. Die Veranstaltung war mit 18 stimmberechtigten Mitgliedern passabel besucht &#8211; unser Ortsverband hat zur Zeit 53 Mitglieder. Wir konnten als Gast OM Daniel Mittendorf, DK5WP begr\u00fc\u00dfen &#8211; er weilte zuf\u00e4llig dienstlich in Hannover und freute sich, einen Abend mit uns verbringen zu k\u00f6nnen. OM Mittendorf berichtete in seiner Begr\u00fc\u00dfung kurz von seiner T\u00e4tigkeit bei der Erstellung des Entwurfes des neuen Fragenkataloges, der ja auch die neue Einsteiger-Klasse N beinhaltet. Hierzu gab es keine weiteren R\u00fcckfragen der OV-Mitglieder &#8211; die meisten hatten sich ja schon anhand des youtube-Videos von der Ham-Radio 2022 informiert. Hier noch einmal der Link: <a href=\"https:\/\/www.youtube.com\/watch?v=Tq9dXo24tYs\" target=\"_blank\" rel=\"noreferrer noopener\">https:\/\/www.youtube.com\/watch?v=Tq9dXo24tYs<\/a><br>Andi, DC3WX pr\u00e4sentierte den zuvor zugestellten Bericht des Vorstandes &#8211; auch hier gab es keine weiteren Diskussionen zum Gesagten. Aus dem Kassenbericht geht hervor, das wir eine R\u00fccklage f\u00fcr den Ausbau der Antennenanlage auf dem Lindener Berg und die Sanierung des Containers gebildet haben.<br>Zur Kooperation mit dem ASB wurde kurz \u00fcber den dort bevorstehenden Umbau der Leitstelle f\u00fcr den Kat-Schutz berichtet \u2013 nat\u00fcrlich mit  wieder Amateurfunk. Ferner soll durch Messungen gepr\u00fcft werden, mit welchem Aufwand direkte Funkverbindungen z.B. im 2 Meter Band zwischen den regionalen ASB-Standpunkten und der Zentrale in Hannover m\u00f6glich sind.<br>Es gab eine kurze Diskussion, ob wir einen weiteren Sommer-Fielddaytermin vereinbaren sollten. Es wurde kein weitere Termin vereinbart. Die Fieldday-Aktivisten waren einhellig der Meinung, man k\u00f6nne &#8222;sich auch so zusammenrotten&#8220; &#8211; via Telegram oder WhatsApp-Gruppe. Auch eventuelle Fahrgemeinschaften zum Funk-Tag in Kassel k\u00f6nnen so vereinbart werden. An einem der n\u00e4chsten Samstage wird aktive Unterst\u00fctzung bei dem Hamnet-Umbau bei DB0TVH ben\u00f6tigt, so Axel, DG1OBD.<br>Das Protokoll der JHV geht den Ortsverbandsmitgliedern per E-Mail zu.<\/p>\n","protected":false},"excerpt":{"rendered":"<p>Unsere JHV am 08.03.2023 hatte keine Wahlen auf dem Programm &#8211; somit gibt es auch keine Ver\u00e4nderungen im Vorstand. Die Veranstaltung war mit 18 stimmberechtigten Mitgliedern passabel besucht &#8211; unser &hellip; <\/p>\n<p class=\"link-more\"><a href=\"https:\/\/www.baerenfunk.de\/index.php\/2023\/03\/17\/jahreshauptversammlung-2023\/\" class=\"more-link\"><span class=\"screen-reader-text\">\u201eJahreshauptversammlung 2023\u201c<\/span> weiterlesen<\/a><\/p>\n","protected":false},"author":1,"featured_media":0,"comment_status":"closed","ping_status":"closed","sticky":false,"template":"","format":"standard","meta":{"footnotes":""},"categories":[4,75],"tags":[],"_links":{"self":[{"href":"https:\/\/www.baerenfunk.de\/index.php\/wp-json\/wp\/v2\/posts\/2172"}],"collection":[{"href":"https:\/\/www.baerenfunk.de\/index.php\/wp-json\/wp\/v2\/posts"}],"about":[{"href":"https:\/\/www.baerenfunk.de\/index.php\/wp-json\/wp\/v2\/types\/post"}],"author":[{"embeddable":true,"href":"https:\/\/www.baerenfunk.de\/index.php\/wp-json\/wp\/v2\/users\/1"}],"replies":[{"embeddable":true,"href":"https:\/\/www.baerenfunk.de\/index.php\/wp-json\/wp\/v2\/comments?post=2172"}],"version-history":[{"count":3,"href":"https:\/\/www.baerenfunk.de\/index.php\/wp-json\/wp\/v2\/posts\/2172\/revisions"}],"predecessor-version":[{"id":2204,"href":"https:\/\/www.baerenfunk.de\/index.php\/wp-json\/wp\/v2\/posts\/2172\/revisions\/2204"}],"wp:attachment":[{"href":"https:\/\/www.baerenfunk.de\/index.php\/wp-json\/wp\/v2\/media?parent=2172"}],"wp:term":[{"taxonomy":"category","embeddable":true,"href":"https:\/\/www.baerenfunk.de\/index.php\/wp-json\/wp\/v2\/categories?post=2172"},{"taxonomy":"post_tag","embeddable":true,"href":"https:\/\/www.baerenfunk.de\/index.php\/wp-json\/wp\/v2\/tags?post=2172"}],"curies":[{"name":"wp","href":"https:\/\/api.w.org\/{rel}","templated":true}]}}