{"id":2162,"date":"2023-03-17T14:49:19","date_gmt":"2023-03-17T13:49:19","guid":{"rendered":"https:\/\/www.baerenfunk.de\/?p=2162"},"modified":"2023-03-17T16:16:08","modified_gmt":"2023-03-17T15:16:08","slug":"notfunk-ausbildungswochenende-des-darc","status":"publish","type":"post","link":"https:\/\/www.baerenfunk.de\/index.php\/2023\/03\/17\/notfunk-ausbildungswochenende-des-darc\/","title":{"rendered":"Notfunk-Ausbildungswochenende des DARC"},"content":{"rendered":"\n<p>Das DARC-Notfunkreferat hat eine gr\u00f6\u00dfere Anzahl AREDN (Amateur Radio Emergency Digital Network) Komponenten zusammengestellt und bietet in Hameln auf dem Zeltplatz \u00fcber das Himmelfahrtswochenende einen Kurs zum Einsatz dieser Komponenten im Zusammenhang mit einer IP-Telefonanlage an.<br>Der mit unserem Ortsverein kooperierende Ortsverband des Arbeiter Samariter Bundes Hannover hat dank des Engagements von Holger, DO4BZ seit Jahren eine solches Netz einsatzbereit und hatte es bereits auf mehreren Grossveranstaltungen erfolgreich im Betrieb. Holger hatte dar\u00fcber bereits auf unserem OV-Abend am 14. August 2019 berichtet.<br>F\u00fcr die IT-Freaks unter uns: AREDN besteht im Wesentlichen aus auf OpenWRT umgeflashte Komponenten (Ubiquitis, Router etc.) die so konfiguriert sind, das sie ein Mesh-Netzwerk aufbauen k\u00f6nnen. Bei einem Mesh-Netzwerk sucht eine Komponente (z.B. die Ubiquiti) automatisch nach einer erreichbaren anderen AREDN-Komponente. Hier der Link zur amerikanischen Webseite des AREDN : <a href=\"https:\/\/www.arednmesh.org\/\" target=\"_blank\" rel=\"noreferrer noopener\">https:\/\/www.arednmesh.org\/<\/a><br>Wenn das IP-Netz erst einmal steht, dann kann es nat\u00fcrlich f\u00fcr alle IP-Dienste verwendet werden. Also h\u00e4ngt man da noch einen Asterisk-Server (z.B. auf einem Rasberry-Pi) f\u00fcr eine VOIP-Telefonanlage rein. Die wesentliche Hauptarbeit liegt bei Flashen und Konfigurieren der Komponenten. <br>Wer also Lust hat, sich \u00fcber Himmelfahrt mit Netzwerk-Komponenten zu besch\u00e4ftigen:<\/p>\n\n\n\n<p><a href=\"https:\/\/www.darc.de\/der-club\/referate\/notfunk\/news\/nachricht\/news\/1-darc-notfunk-ausbildungswochenende\/\" target=\"_blank\" rel=\"noreferrer noopener\">https:\/\/www.darc.de\/der-club\/referate\/notfunk\/news\/nachricht\/news\/1-darc-notfunk-ausbildungswochenende\/<br><\/a><\/p>\n","protected":false},"excerpt":{"rendered":"<p>Das DARC-Notfunkreferat hat eine gr\u00f6\u00dfere Anzahl AREDN (Amateur Radio Emergency Digital Network) Komponenten zusammengestellt und bietet in Hameln auf dem Zeltplatz \u00fcber das Himmelfahrtswochenende einen Kurs zum Einsatz dieser Komponenten &hellip; <\/p>\n<p class=\"link-more\"><a href=\"https:\/\/www.baerenfunk.de\/index.php\/2023\/03\/17\/notfunk-ausbildungswochenende-des-darc\/\" class=\"more-link\"><span class=\"screen-reader-text\">\u201eNotfunk-Ausbildungswochenende des DARC\u201c<\/span> weiterlesen<\/a><\/p>\n","protected":false},"author":1,"featured_media":0,"comment_status":"closed","ping_status":"closed","sticky":false,"template":"","format":"standard","meta":{"footnotes":""},"categories":[4,5],"tags":[73,18],"_links":{"self":[{"href":"https:\/\/www.baerenfunk.de\/index.php\/wp-json\/wp\/v2\/posts\/2162"}],"collection":[{"href":"https:\/\/www.baerenfunk.de\/index.php\/wp-json\/wp\/v2\/posts"}],"about":[{"href":"https:\/\/www.baerenfunk.de\/index.php\/wp-json\/wp\/v2\/types\/post"}],"author":[{"embeddable":true,"href":"https:\/\/www.baerenfunk.de\/index.php\/wp-json\/wp\/v2\/users\/1"}],"replies":[{"embeddable":true,"href":"https:\/\/www.baerenfunk.de\/index.php\/wp-json\/wp\/v2\/comments?post=2162"}],"version-history":[{"count":5,"href":"https:\/\/www.baerenfunk.de\/index.php\/wp-json\/wp\/v2\/posts\/2162\/revisions"}],"predecessor-version":[{"id":2171,"href":"https:\/\/www.baerenfunk.de\/index.php\/wp-json\/wp\/v2\/posts\/2162\/revisions\/2171"}],"wp:attachment":[{"href":"https:\/\/www.baerenfunk.de\/index.php\/wp-json\/wp\/v2\/media?parent=2162"}],"wp:term":[{"taxonomy":"category","embeddable":true,"href":"https:\/\/www.baerenfunk.de\/index.php\/wp-json\/wp\/v2\/categories?post=2162"},{"taxonomy":"post_tag","embeddable":true,"href":"https:\/\/www.baerenfunk.de\/index.php\/wp-json\/wp\/v2\/tags?post=2162"}],"curies":[{"name":"wp","href":"https:\/\/api.w.org\/{rel}","templated":true}]}}