{"id":2082,"date":"2023-02-05T14:46:46","date_gmt":"2023-02-05T13:46:46","guid":{"rendered":"https:\/\/www.baerenfunk.de\/?p=2082"},"modified":"2023-02-05T15:34:29","modified_gmt":"2023-02-05T14:34:29","slug":"das-war-der-ww-160m-cw-contest","status":"publish","type":"post","link":"https:\/\/www.baerenfunk.de\/index.php\/2023\/02\/05\/das-war-der-ww-160m-cw-contest\/","title":{"rendered":"Das war der WW 160m CW-Contest"},"content":{"rendered":"\n<figure class=\"wp-block-image size-large\"><img loading=\"lazy\" decoding=\"async\" width=\"1024\" height=\"768\" src=\"https:\/\/www.baerenfunk.de\/wp-content\/uploads\/2023\/02\/img_0620-1024x768.jpg\" alt=\"\" class=\"wp-image-2084\" srcset=\"https:\/\/www.baerenfunk.de\/wp-content\/uploads\/2023\/02\/img_0620-1024x768.jpg 1024w, https:\/\/www.baerenfunk.de\/wp-content\/uploads\/2023\/02\/img_0620-300x225.jpg 300w, https:\/\/www.baerenfunk.de\/wp-content\/uploads\/2023\/02\/img_0620-768x576.jpg 768w, https:\/\/www.baerenfunk.de\/wp-content\/uploads\/2023\/02\/img_0620-1536x1152.jpg 1536w, https:\/\/www.baerenfunk.de\/wp-content\/uploads\/2023\/02\/img_0620-2048x1536.jpg 2048w\" sizes=\"(max-width: 767px) 89vw, (max-width: 1000px) 54vw, (max-width: 1071px) 543px, 580px\" \/><figcaption>Unser kleines Camp. Im Vordergrund der auf 20 Meter verl\u00e4ngerte Fiberglas-Mast.<\/figcaption><\/figure>\n\n\n\n<p><\/p>\n\n\n\n<p>Ein wenig Sorgen hatte es mir ja schon gemacht &#8211; unsere kleine Contestgruppe schrumpfte bis auf drei Mann zusammen. Einige Fahrzeuge hatten Probleme, hier die Heizung, da die Motorsteuerung. Alles Dinge, die beim Wintercamping besser funktioieren sollten. Auch das Wetter war als eher durchwachsen angesagt. Und dann kam aus Hameln von Bj\u00f6rn und Fatima die Meldung: &#8222;Die Gastst\u00e4tte ist in der Winterpause und : Der Platz ist durchn\u00e4sst &#8211; sucht euch besser etwas anderes&#8220;. Da kamen dann bei mir dann doch echt Zweifel auf. Nach R\u00fccksprache mit Tom und Wilfried checkten wir dann Ausweichm\u00f6glichkeiten &#8211; der Doktorsee w\u00e4re gegangen &#8211; allerdings war da auch das Nordufer gesperrt. Da hatte sich Eugen schon mal fast festgefahren. Nach einigem Hin und Her haben kam dann doch &#8222;gr\u00fcnes Licht&#8220; von Bj\u00f6rn und Fatima. Wenn wir uns ganz vorne fast auf den Weg stellen w\u00fcrden, dann w\u00e4re es ok.<br>Tom und Wilfried waren \u00fcberzeugt &#8211; komme was wolle, wir fahren. Ferner mussste ja die knapp 20 Meter hohe L-Antenne f\u00fcr den SSB-Fieldday ausprobiert werden.<br>In diesem Jahr wollte ich beim CW-Teil mit dem ELAD FDM-DUO und mit der kleinen Juma 100D PA antreten. Da der ELAD ja keine gro\u00dfartigen Eingangsfilter hat, wollte ich das neu erworbene Kurzwellen-Bandfilter davorschalten, so dass der Eingang wenigstens nur auf 160m fette Signale bekam. Aber es kam alles anders\u2026<\/p>\n\n\n\n<figure class=\"wp-block-image size-large\"><img loading=\"lazy\" decoding=\"async\" width=\"1024\" height=\"571\" src=\"https:\/\/www.baerenfunk.de\/wp-content\/uploads\/2023\/02\/img-20230129-wa0010-1024x571.jpg\" alt=\"\" class=\"wp-image-2093\" srcset=\"https:\/\/www.baerenfunk.de\/wp-content\/uploads\/2023\/02\/img-20230129-wa0010-1024x571.jpg 1024w, https:\/\/www.baerenfunk.de\/wp-content\/uploads\/2023\/02\/img-20230129-wa0010-300x167.jpg 300w, https:\/\/www.baerenfunk.de\/wp-content\/uploads\/2023\/02\/img-20230129-wa0010-768x428.jpg 768w, https:\/\/www.baerenfunk.de\/wp-content\/uploads\/2023\/02\/img-20230129-wa0010-1536x856.jpg 1536w, https:\/\/www.baerenfunk.de\/wp-content\/uploads\/2023\/02\/img-20230129-wa0010.jpg 1600w\" sizes=\"(max-width: 767px) 89vw, (max-width: 1000px) 54vw, (max-width: 1071px) 543px, 580px\" \/><figcaption>Das urspr\u00fcngliche Setup&#8230;<\/figcaption><\/figure>\n\n\n\n<p><\/p>\n\n\n\n<p><br>Und nat\u00fcrlich hatte ich auch noch eine Ersatzstation dabei &#8211; daf\u00fcr hatten Erfahrungen bei vorherigen Contesten beigetragen.<br>Also ging es fr\u00fchen Freitagnachmittag nach Hameln. Als ich ankam war Tom, DL9OBD schon mit dem Aufbau der Antenne besch\u00e4ftigt. Das Wetter meinte es gut mit uns &#8211; lediglich ein leichter Wind wehte und es war trocken bei etwa 0-1 Grad. Wilfried, DJ1WF kam an als es bereits dunkelte und baute dann noch sein mittlerweile historisches altes Zelt (ohne Fussboden) auf. Noch ein wenig Ausr\u00fcstung, Feldbett und Schlafsack rein &#8211; hier w\u00fcrde er schlafen und funken. Fatima und Bj\u00f6rn hatten uns eine Gastst\u00e4tte in der Innenstadt von Hameln empfohlen &#8211; den Abend beschlossen wir dort bei leckerem Essen.<br>Der Contest begann am Freitagabend um 22:00 Uhr UT &#8211; fast \u00fcberraschend fr\u00fch f\u00fcr uns. Und damn kam das (fast) unvermeindliche: Mein Setup versagte nach vier QSOs den Dienst! Die PA hatte sich abgeschaltet und liess sich auch mit gutem Zureden nicht mehr einschalten. Mir blieb nichts anderes \u00fcbrig, als auf die Ersatzstation zur\u00fcckzugreifen. Das kostete mich fast eine Stunde Betrieb: Der Beginn eines Contestes ist allerdings nicht f\u00fcr das Erreichen einer ohen Punktzahl ausschlaggebend. Die Ersatzstation bot weniger Komfort &#8211; kein Wasserfalldisplay \u2026 aber sonst hatte ich mit ihr im CW-Modus ganz gute Erfahrungen gemacht. Irgendwann gegen 01:30 Uhr verabschiedeten sich Tom und Wilfried aus meinem Wohnmobil. Die Antenne spielte gut, und so machte ich bis 4:15 Uhr morgens Betrieb, bis ich fast alle Calls auf meiner Bandmap abgearbeitet hatte und nix neues mehr dazu kam.<\/p>\n\n\n\n<figure class=\"wp-block-image size-large\"><img loading=\"lazy\" decoding=\"async\" width=\"1024\" height=\"586\" src=\"https:\/\/www.baerenfunk.de\/wp-content\/uploads\/2023\/02\/grafik-1024x586.png\" alt=\"\" class=\"wp-image-2090\" srcset=\"https:\/\/www.baerenfunk.de\/wp-content\/uploads\/2023\/02\/grafik-1024x586.png 1024w, https:\/\/www.baerenfunk.de\/wp-content\/uploads\/2023\/02\/grafik-300x172.png 300w, https:\/\/www.baerenfunk.de\/wp-content\/uploads\/2023\/02\/grafik-768x440.png 768w, https:\/\/www.baerenfunk.de\/wp-content\/uploads\/2023\/02\/grafik.png 1350w\" sizes=\"(max-width: 767px) 89vw, (max-width: 1000px) 54vw, (max-width: 1071px) 543px, 580px\" \/><figcaption>Die erreichten L\u00e4nder aif 160m &#8211; Australien und Japan waren leider (noch) nicht dabei&#8230;<\/figcaption><\/figure>\n\n\n\n<p><\/p>\n\n\n\n<p><br>Wenn es hell ist, dann funktioniert das 160m Band nicht, also konnte ich am Samstagmorgen erst einmal in Ruhe ausschlafen. Der Tag verging dann recht schnell &#8211; Tom und ich verbesserten die Antenne nochmals, es kamen 16 Radials dazu und am oberen Ende wurde noch ein 12 Meter Glasfaser-Mast aufgestellt. Das sorgte f\u00fcr eine noch etwas flachere Abstrahlung nach Norden\/Nordwesten &#8211; an unserem Standort wichtig f\u00fcr DX-Multiplikatoren. Wilfried baute w\u00e4hrenddessen seine Kurzwellen- und QO-100 Station auf und machte schon flei\u00dfig Betrieb. Tas\u00e4chlich wurden wir am Nachmittag sogar noch von der Sonne verw\u00f6hnt, so dass wir im Windschatten noch ein wenige gesessen und gequatscht haben. Als es langsam dunkel wurde habe ich dann die Station wieder aktiviert. Recht schnell stellte sich heraus, da\u00df die Antenne durch die Ver\u00e4nderungen noch besser spielte. Wenn es bei einem Rufzeichen nicht gerade ein Riesen-Pileup gab kam ich eigentlich mit einem Anruf durch. So liess sich \u00fcber recht lange Zeit eine QSO-Rate von 30 QSOs pro Minute gut halten. Das geht nat\u00fcrlich nur bei den kurzen 599 14 tu &#8211; Contest-QSOs. Es machte Spass &#8211; ich hatte auch bei der Eingabe am Rechner meinen Rhythmus wiedergefunden. Aber: Um 22:00 wurde ich recht m\u00fcde, also musste ich mir Ziele setzen. Ich hatte bis jetzt um die 80.000 Punkte &#8211; ok also: Neues Ziel: 100.000 Punkte. Kurz nach 01.00 Uhr war es dann soweit und es standen mehr als 100.000 Punkte im Log.<\/p>\n\n\n\n<figure class=\"wp-block-image size-full is-resized\"><img loading=\"lazy\" decoding=\"async\" src=\"https:\/\/www.baerenfunk.de\/wp-content\/uploads\/2023\/02\/20230129_104749.jpg\" alt=\"\" class=\"wp-image-2092\" width=\"611\" height=\"458\" srcset=\"https:\/\/www.baerenfunk.de\/wp-content\/uploads\/2023\/02\/20230129_104749.jpg 591w, https:\/\/www.baerenfunk.de\/wp-content\/uploads\/2023\/02\/20230129_104749-300x225.jpg 300w\" sizes=\"(max-width: 611px) 100vw, 611px\" \/><figcaption>Der Endstand im Log-Programm&#8230;<\/figcaption><\/figure>\n\n\n\n<p><\/p>\n\n\n\n<p><br>Darauf haben wir dann in kleiner Runde noch ein Sektchen getrunken. Ein Nachtrag noch: Die Juma-PA ist unterwegs zur Garantie-Reparatur nach Rum\u00e4nien &#8211; wir sind alle gespannt darauf, was der Fehler ist.<\/p>\n\n\n\n<figure class=\"wp-block-gallery has-nested-images columns-default is-cropped wp-block-gallery-1 is-layout-flex wp-block-gallery-is-layout-flex\">\n<figure class=\"wp-block-image size-large\"><img loading=\"lazy\" decoding=\"async\" width=\"591\" height=\"443\" data-id=\"2088\" src=\"https:\/\/www.baerenfunk.de\/wp-content\/uploads\/2023\/02\/20230128_133050.jpg\" alt=\"\" class=\"wp-image-2088\" srcset=\"https:\/\/www.baerenfunk.de\/wp-content\/uploads\/2023\/02\/20230128_133050.jpg 591w, https:\/\/www.baerenfunk.de\/wp-content\/uploads\/2023\/02\/20230128_133050-300x225.jpg 300w\" sizes=\"(max-width: 591px) 100vw, 591px\" \/><figcaption>Unser kleines Lager<\/figcaption><\/figure>\n\n\n\n<figure class=\"wp-block-image size-large\"><img loading=\"lazy\" decoding=\"async\" width=\"591\" height=\"443\" data-id=\"2087\" src=\"https:\/\/www.baerenfunk.de\/wp-content\/uploads\/2023\/02\/20230128_140053.jpg\" alt=\"\" class=\"wp-image-2087\" srcset=\"https:\/\/www.baerenfunk.de\/wp-content\/uploads\/2023\/02\/20230128_140053.jpg 591w, https:\/\/www.baerenfunk.de\/wp-content\/uploads\/2023\/02\/20230128_140053-300x225.jpg 300w\" sizes=\"(max-width: 591px) 100vw, 591px\" \/><figcaption>Tom und Roland geniessen die Sonnenstrahlen<\/figcaption><\/figure>\n\n\n\n<figure class=\"wp-block-image size-large\"><img loading=\"lazy\" decoding=\"async\" width=\"591\" height=\"443\" data-id=\"2085\" src=\"https:\/\/www.baerenfunk.de\/wp-content\/uploads\/2023\/02\/20230128_223028.jpg\" alt=\"\" class=\"wp-image-2085\" srcset=\"https:\/\/www.baerenfunk.de\/wp-content\/uploads\/2023\/02\/20230128_223028.jpg 591w, https:\/\/www.baerenfunk.de\/wp-content\/uploads\/2023\/02\/20230128_223028-300x225.jpg 300w\" sizes=\"(max-width: 591px) 100vw, 591px\" \/><figcaption>&#8230;nat\u00fcrlich wurde gegrillt und die Feuerschale bem\u00fchrt<\/figcaption><\/figure>\n\n\n\n<figure class=\"wp-block-image size-large\"><img loading=\"lazy\" decoding=\"async\" width=\"1024\" height=\"768\" data-id=\"2086\" src=\"https:\/\/www.baerenfunk.de\/wp-content\/uploads\/2023\/02\/img-20230129-wa0007-1024x768.jpg\" alt=\"\" class=\"wp-image-2086\" srcset=\"https:\/\/www.baerenfunk.de\/wp-content\/uploads\/2023\/02\/img-20230129-wa0007-1024x768.jpg 1024w, https:\/\/www.baerenfunk.de\/wp-content\/uploads\/2023\/02\/img-20230129-wa0007-300x225.jpg 300w, https:\/\/www.baerenfunk.de\/wp-content\/uploads\/2023\/02\/img-20230129-wa0007-768x576.jpg 768w, https:\/\/www.baerenfunk.de\/wp-content\/uploads\/2023\/02\/img-20230129-wa0007-1536x1152.jpg 1536w, https:\/\/www.baerenfunk.de\/wp-content\/uploads\/2023\/02\/img-20230129-wa0007.jpg 1600w\" sizes=\"(max-width: 767px) 89vw, (max-width: 1000px) 54vw, (max-width: 1071px) 543px, 580px\" \/><figcaption>Wilfrieds, DJ1WFs <br>Station in seinem Zelt<\/figcaption><\/figure>\n<\/figure>\n\n\n\n<p><\/p>\n","protected":false},"excerpt":{"rendered":"<p>Ein wenig Sorgen hatte es mir ja schon gemacht &#8211; unsere kleine Contestgruppe schrumpfte bis auf drei Mann zusammen. Einige Fahrzeuge hatten Probleme, hier die Heizung, da die Motorsteuerung. Alles &hellip; <\/p>\n<p class=\"link-more\"><a href=\"https:\/\/www.baerenfunk.de\/index.php\/2023\/02\/05\/das-war-der-ww-160m-cw-contest\/\" class=\"more-link\"><span class=\"screen-reader-text\">\u201eDas war der WW 160m CW-Contest\u201c<\/span> weiterlesen<\/a><\/p>\n","protected":false},"author":1,"featured_media":0,"comment_status":"closed","ping_status":"closed","sticky":false,"template":"","format":"standard","meta":{"footnotes":""},"categories":[3,4],"tags":[111,53,56],"_links":{"self":[{"href":"https:\/\/www.baerenfunk.de\/index.php\/wp-json\/wp\/v2\/posts\/2082"}],"collection":[{"href":"https:\/\/www.baerenfunk.de\/index.php\/wp-json\/wp\/v2\/posts"}],"about":[{"href":"https:\/\/www.baerenfunk.de\/index.php\/wp-json\/wp\/v2\/types\/post"}],"author":[{"embeddable":true,"href":"https:\/\/www.baerenfunk.de\/index.php\/wp-json\/wp\/v2\/users\/1"}],"replies":[{"embeddable":true,"href":"https:\/\/www.baerenfunk.de\/index.php\/wp-json\/wp\/v2\/comments?post=2082"}],"version-history":[{"count":5,"href":"https:\/\/www.baerenfunk.de\/index.php\/wp-json\/wp\/v2\/posts\/2082\/revisions"}],"predecessor-version":[{"id":2098,"href":"https:\/\/www.baerenfunk.de\/index.php\/wp-json\/wp\/v2\/posts\/2082\/revisions\/2098"}],"wp:attachment":[{"href":"https:\/\/www.baerenfunk.de\/index.php\/wp-json\/wp\/v2\/media?parent=2082"}],"wp:term":[{"taxonomy":"category","embeddable":true,"href":"https:\/\/www.baerenfunk.de\/index.php\/wp-json\/wp\/v2\/categories?post=2082"},{"taxonomy":"post_tag","embeddable":true,"href":"https:\/\/www.baerenfunk.de\/index.php\/wp-json\/wp\/v2\/tags?post=2082"}],"curies":[{"name":"wp","href":"https:\/\/api.w.org\/{rel}","templated":true}]}}