{"id":2079,"date":"2023-01-25T20:24:30","date_gmt":"2023-01-25T19:24:30","guid":{"rendered":"https:\/\/www.baerenfunk.de\/?p=2079"},"modified":"2023-01-25T20:24:33","modified_gmt":"2023-01-25T19:24:33","slug":"25-teilnehmerinnen-bei-db0tvh-relaistreffen","status":"publish","type":"post","link":"https:\/\/www.baerenfunk.de\/index.php\/2023\/01\/25\/25-teilnehmerinnen-bei-db0tvh-relaistreffen\/","title":{"rendered":"25 Teilnehmer*innen bei DB0TVH Relaistreffen"},"content":{"rendered":"\n<figure class=\"wp-block-image size-full\"><img loading=\"lazy\" decoding=\"async\" width=\"828\" height=\"540\" src=\"https:\/\/www.baerenfunk.de\/wp-content\/uploads\/2023\/01\/grafik.png\" alt=\"\" class=\"wp-image-2080\" srcset=\"https:\/\/www.baerenfunk.de\/wp-content\/uploads\/2023\/01\/grafik.png 828w, https:\/\/www.baerenfunk.de\/wp-content\/uploads\/2023\/01\/grafik-300x196.png 300w, https:\/\/www.baerenfunk.de\/wp-content\/uploads\/2023\/01\/grafik-768x501.png 768w\" sizes=\"(max-width: 767px) 89vw, (max-width: 1000px) 54vw, (max-width: 1071px) 543px, 580px\" \/><figcaption>Impressionen vom Relaistreffen. <\/figcaption><\/figure>\n\n\n\n<p>&#8230;und Spass gemacht hat es auch. Als Organisator habe ich viel \u00fcber die aktuellen Entwicklungen in der Relais-Szene erfahren. Doch lassen wir einen der Teilnehmer zu Wort kommen.<br>Wilfried, DJ1WF schreibt auf facebook:<br>&#8222;Heute trafen sich Betreiber und Nutzer der Relaisfunkstelle DB0TVH sowie Betreiber und Nutzer der Relaisfunkstellen DB0TVH, DB0CSH, DB0BBW und DB0FUS. Es gab einen \u00dcberblick \u00fcber die Amateurfunkrelais in Hannover und mehrere Vortr\u00e4ge zu den Digitalfunkbetriebsarten mit unterschiedlichen Schwerpunkten D-Star, DMR, C4FM, Tetra, sowie Moglichkeiten zum Testen und Probieren. <\/p>\n\n\n\n<p>Nat\u00fcrlich durfte bei solch einer Veranstaltung auch das leckere Essen nicht fehlen. In den Vortragspausen ergaben sich viele M\u00f6glichkeiten zum direkten Austausch untereinander und zu Detailgespr\u00e4chen mit den Referenten. Die Veranstaltung war trotz der relativ kurzfristigen Bekanntgabe gut besucht. Sogar zwei Funkamateure aus Minden und ein Whitesticker sind dabei gewesen. Und die Spendenkasse f\u00fcr die Relaisfunkstelle freute sich auch \u00fcber einen Zuwachs des Inhalts. Man kann sagen&#8230;eine erfolgreiche Veranstaltung, zumal man viele Leute, die man sonst nur als Stimme aus dem Lautsprecher kannte, nun auch mal sehen und direkt kennen lernen konnte.&#8220;<\/p>\n","protected":false},"excerpt":{"rendered":"<p>&#8230;und Spass gemacht hat es auch. Als Organisator habe ich viel \u00fcber die aktuellen Entwicklungen in der Relais-Szene erfahren. Doch lassen wir einen der Teilnehmer zu Wort kommen.Wilfried, DJ1WF schreibt &hellip; <\/p>\n<p class=\"link-more\"><a href=\"https:\/\/www.baerenfunk.de\/index.php\/2023\/01\/25\/25-teilnehmerinnen-bei-db0tvh-relaistreffen\/\" class=\"more-link\"><span class=\"screen-reader-text\">\u201e25 Teilnehmer*innen bei DB0TVH Relaistreffen\u201c<\/span> weiterlesen<\/a><\/p>\n","protected":false},"author":1,"featured_media":0,"comment_status":"closed","ping_status":"closed","sticky":false,"template":"","format":"standard","meta":{"footnotes":""},"categories":[4],"tags":[],"_links":{"self":[{"href":"https:\/\/www.baerenfunk.de\/index.php\/wp-json\/wp\/v2\/posts\/2079"}],"collection":[{"href":"https:\/\/www.baerenfunk.de\/index.php\/wp-json\/wp\/v2\/posts"}],"about":[{"href":"https:\/\/www.baerenfunk.de\/index.php\/wp-json\/wp\/v2\/types\/post"}],"author":[{"embeddable":true,"href":"https:\/\/www.baerenfunk.de\/index.php\/wp-json\/wp\/v2\/users\/1"}],"replies":[{"embeddable":true,"href":"https:\/\/www.baerenfunk.de\/index.php\/wp-json\/wp\/v2\/comments?post=2079"}],"version-history":[{"count":1,"href":"https:\/\/www.baerenfunk.de\/index.php\/wp-json\/wp\/v2\/posts\/2079\/revisions"}],"predecessor-version":[{"id":2081,"href":"https:\/\/www.baerenfunk.de\/index.php\/wp-json\/wp\/v2\/posts\/2079\/revisions\/2081"}],"wp:attachment":[{"href":"https:\/\/www.baerenfunk.de\/index.php\/wp-json\/wp\/v2\/media?parent=2079"}],"wp:term":[{"taxonomy":"category","embeddable":true,"href":"https:\/\/www.baerenfunk.de\/index.php\/wp-json\/wp\/v2\/categories?post=2079"},{"taxonomy":"post_tag","embeddable":true,"href":"https:\/\/www.baerenfunk.de\/index.php\/wp-json\/wp\/v2\/tags?post=2079"}],"curies":[{"name":"wp","href":"https:\/\/api.w.org\/{rel}","templated":true}]}}