{"id":2039,"date":"2022-12-29T20:05:59","date_gmt":"2022-12-29T19:05:59","guid":{"rendered":"https:\/\/www.baerenfunk.de\/?p=2039"},"modified":"2022-12-29T20:49:09","modified_gmt":"2022-12-29T19:49:09","slug":"gibt-es-was-neues","status":"publish","type":"post","link":"https:\/\/www.baerenfunk.de\/index.php\/2022\/12\/29\/gibt-es-was-neues\/","title":{"rendered":"Gibt es was Neues?"},"content":{"rendered":"\n<p>&#8230;diese Frage hat sich sicher manch einer von uns gestellt, als es darum ging, sich selbst mit Funk-Equipment zu beschenken. Tats\u00e4chlich h\u00e4lt es sich mit wirklichen Neuheiten in Grenzen. Und in den heutigen Zeiten h\u00e4lt man ja auch gerne sein Budget zusammen &#8211; wer weiss, was morgen kommt. Aber dennoch &#8211; das Shack vervollst\u00e4ndigen l\u00e4sst sich immer. <br>Im Ortsverband ist es geruhsamer geworden &#8211; nat\u00fcrlich haben wir noch einen Herbst-Fieldday gemacht. Aber die x-te Version von Bildern mit Wohnmobilen und Antennen sind nun auch nicht wirklich neues in unserem Ortsverband.<\/p>\n\n\n\n<figure class=\"wp-block-image size-large\"><img loading=\"lazy\" decoding=\"async\" width=\"1024\" height=\"768\" src=\"https:\/\/www.baerenfunk.de\/wp-content\/uploads\/2022\/12\/20221016_121710-1024x768.jpg\" alt=\"\" class=\"wp-image-2044\" srcset=\"https:\/\/www.baerenfunk.de\/wp-content\/uploads\/2022\/12\/20221016_121710-1024x768.jpg 1024w, https:\/\/www.baerenfunk.de\/wp-content\/uploads\/2022\/12\/20221016_121710-300x225.jpg 300w, https:\/\/www.baerenfunk.de\/wp-content\/uploads\/2022\/12\/20221016_121710-768x576.jpg 768w, https:\/\/www.baerenfunk.de\/wp-content\/uploads\/2022\/12\/20221016_121710-1536x1152.jpg 1536w, https:\/\/www.baerenfunk.de\/wp-content\/uploads\/2022\/12\/20221016_121710-rotated.jpg 1672w\" sizes=\"(max-width: 767px) 89vw, (max-width: 1000px) 54vw, (max-width: 1071px) 543px, 580px\" \/><\/figure>\n\n\n\n<p>Der letzte OV-Abend des Jahres war gut besucht und verlief dank der Essens-Voranmeldungen organisatorisch auch ohne weitere Pannen. Wir werden das so auch im kommenden Jahr beibehalten. <strong>Rechts neben diesem Text k\u00f6nnt ihr Euch schon f\u00fcr den kommenden OV-Abend mit Essenswunsch anmelden.<\/strong><br>Einige waren zusammen auf der Messe in Dortmund &#8211; aber auch dort gab es nichts bahnbrechend Neues mitzubringen. Stagnation also? Mitnichten.<\/p>\n\n\n\n<figure class=\"wp-block-image size-large\"><img loading=\"lazy\" decoding=\"async\" width=\"1024\" height=\"768\" src=\"https:\/\/www.baerenfunk.de\/wp-content\/uploads\/2022\/12\/20221102_155941-2-1024x768.jpg\" alt=\"\" class=\"wp-image-2043\" srcset=\"https:\/\/www.baerenfunk.de\/wp-content\/uploads\/2022\/12\/20221102_155941-2-1024x768.jpg 1024w, https:\/\/www.baerenfunk.de\/wp-content\/uploads\/2022\/12\/20221102_155941-2-300x225.jpg 300w, https:\/\/www.baerenfunk.de\/wp-content\/uploads\/2022\/12\/20221102_155941-2-768x576.jpg 768w, https:\/\/www.baerenfunk.de\/wp-content\/uploads\/2022\/12\/20221102_155941-2-1536x1152.jpg 1536w, https:\/\/www.baerenfunk.de\/wp-content\/uploads\/2022\/12\/20221102_155941-2.jpg 1672w\" sizes=\"(max-width: 767px) 89vw, (max-width: 1000px) 54vw, (max-width: 1071px) 543px, 580px\" \/><figcaption>Der neue DSTAR-Repeater beim Einbau bei DB0TVH<\/figcaption><\/figure>\n\n\n\n<p><br>Seit Herbst ist DB0TVH wieder in <strong>DSTAR<\/strong> aktiv &#8211; zusammen mit dem von Christian, DL9CMA (H32) aufgebauten Relais DB0BBW haben wir jetzt zwei DSTAR-Relais in Hannover. Beide Relais sind zur Zeit im Reflektor XLX339N geparkt. Christian und ich gr\u00fcbeln im Momant dar\u00fcber, wie wir X-Links und R\u00e4ume strukturieren, damit wir in Hannover eine super Versorgung haben. Christians Webseite von DB0BBW enth\u00e4lt viel Material zu DSTAR: <a href=\"https:\/\/db0bbw.de\/\" target=\"_blank\" rel=\"noreferrer noopener\">https:\/\/db0bbw.de\/<\/a><\/p>\n\n\n\n<p><strong>DB0TVH-Relais-Treffen f\u00fcr Samstag, 21.01.2023 geplant<\/strong> <br>Da es auch in anderen Bereichen wie z.B. ATV Neuerungen bei DB0TVH gibt haben wir f\u00fcr den Januar noch ein DB0TVH-Treffen geplant Es wird wahrscheinlich am Samstag, dem 21.01.2023 stattfinden. Der Beginn ist im Moment f\u00fcr <strong>15:00 Uhr<\/strong> geplant, damit wir Zeit f\u00fcr einige fachliche Vortr\u00e4ge\/Einf\u00fchrungenh haben. Also &#8222;Save the Date&#8230;&#8220; . Im Moment  suchen wir noch einen geeigneten Ort &#8211; mehr dazu zu gegebener Zeit.<\/p>\n\n\n\n<p><strong>Container: Vorbereitungen f\u00fcr Remote-Betrieb<\/strong><br>Gerd, DB1AI verfolgt das Ziel, den ab 2023 offiziellen Remote-Betrieb vom Container aus zu erm\u00f6glichen. Das heisst: Im Container soll eine Remote-Station eingerichtet werden. Daf\u00fcr brauchen wir nat\u00fcrich einen Telefonanschluss und eine Internetanbindung.  Das ist nicht einfach: Die Telekom geht davon aus, dasss es an der Stelle des Containers noch das alte Priessnitz-Geb\u00e4ude mit einem Telefon-Hausanschluss gibt. Auf den weiteren Verlauf d\u00fcrfen wir gespannt sein.<br>Ach ja : Auch die Reparatur des Eingangsbereichs ist ein Thema&#8230;<\/p>\n\n\n\n<p><strong>Tetra-Relais<\/strong><br>Powered von unseren BOS-Funkern enwickelt sich eine Anbindung des Tetra-Relais an den Brandmeister. Auch hier fliesst viel Arbeit im Hintergrund in die Vernetzung und Programmierung ein.<strong><br><br>160-Meter Contest<\/strong><br>Traditionell im Winter werden wir &#8211; falls das Wetter nicht zu garstig ist &#8211; wieder mit einer kleinen Gruppe Frostenthusiasten in Hameln auf dem Berg an den beiden 160-Meter Contesten teilnehmen.<\/p>\n\n\n\n<p>Also: Es gibt auch im Jahr 2023 viele Aktivit\u00e4ten in und rund um unseren Ortsverband. Und da ist sicher f\u00fcr jeden etwas Neues dabei&#8230;.<br><br><br><\/p>\n","protected":false},"excerpt":{"rendered":"<p>&#8230;diese Frage hat sich sicher manch einer von uns gestellt, als es darum ging, sich selbst mit Funk-Equipment zu beschenken. Tats\u00e4chlich h\u00e4lt es sich mit wirklichen Neuheiten in Grenzen. Und &hellip; <\/p>\n<p class=\"link-more\"><a href=\"https:\/\/www.baerenfunk.de\/index.php\/2022\/12\/29\/gibt-es-was-neues\/\" class=\"more-link\"><span class=\"screen-reader-text\">\u201eGibt es was Neues?\u201c<\/span> weiterlesen<\/a><\/p>\n","protected":false},"author":1,"featured_media":0,"comment_status":"closed","ping_status":"closed","sticky":false,"template":"","format":"standard","meta":{"footnotes":""},"categories":[4],"tags":[],"_links":{"self":[{"href":"https:\/\/www.baerenfunk.de\/index.php\/wp-json\/wp\/v2\/posts\/2039"}],"collection":[{"href":"https:\/\/www.baerenfunk.de\/index.php\/wp-json\/wp\/v2\/posts"}],"about":[{"href":"https:\/\/www.baerenfunk.de\/index.php\/wp-json\/wp\/v2\/types\/post"}],"author":[{"embeddable":true,"href":"https:\/\/www.baerenfunk.de\/index.php\/wp-json\/wp\/v2\/users\/1"}],"replies":[{"embeddable":true,"href":"https:\/\/www.baerenfunk.de\/index.php\/wp-json\/wp\/v2\/comments?post=2039"}],"version-history":[{"count":3,"href":"https:\/\/www.baerenfunk.de\/index.php\/wp-json\/wp\/v2\/posts\/2039\/revisions"}],"predecessor-version":[{"id":2045,"href":"https:\/\/www.baerenfunk.de\/index.php\/wp-json\/wp\/v2\/posts\/2039\/revisions\/2045"}],"wp:attachment":[{"href":"https:\/\/www.baerenfunk.de\/index.php\/wp-json\/wp\/v2\/media?parent=2039"}],"wp:term":[{"taxonomy":"category","embeddable":true,"href":"https:\/\/www.baerenfunk.de\/index.php\/wp-json\/wp\/v2\/categories?post=2039"},{"taxonomy":"post_tag","embeddable":true,"href":"https:\/\/www.baerenfunk.de\/index.php\/wp-json\/wp\/v2\/tags?post=2039"}],"curies":[{"name":"wp","href":"https:\/\/api.w.org\/{rel}","templated":true}]}}