{"id":2023,"date":"2022-08-01T14:02:07","date_gmt":"2022-08-01T13:02:07","guid":{"rendered":"https:\/\/www.baerenfunk.de\/?p=2023"},"modified":"2022-08-01T14:02:10","modified_gmt":"2022-08-01T13:02:10","slug":"wrtc-2018-e-v-spende-fuer-h48","status":"publish","type":"post","link":"https:\/\/www.baerenfunk.de\/index.php\/2022\/08\/01\/wrtc-2018-e-v-spende-fuer-h48\/","title":{"rendered":"WRTC 2018 e.V. Spende f\u00fcr H48"},"content":{"rendered":"\n<p>Im Jahr 2018 unterst\u00fctzte ein Team von uns aktiv die WRTC 2018. Wir waren mit mehreren Wohnmobilen vor Ort, betreuten eine der Wettbewerb-Sites und hatten viel Spass dabei. Dann haben wir noch der WRTC eine der Wettbewerbsausr\u00fcstungen erworben (u.A. Notstrom-Aggregat, 14 Meter Mast mit Spider-Beam, Netzwerktester\u2026).<br>Da der Vereinszweck des WRTC e.V. mittlerweile erfolgt ist, hat der Verein beschlossen sich aufzul\u00f6sen. Entsprechend den gesetzlichen Vorschriften darf in einem solchen Fall ein eventuell vorhandenes Restverm\u00f6gen nur an gemeinn\u00fctzige Organisationen abgegeben werden.<br>Die Liquidatoren des WRTC e.V. , haben beschlossen, dass sie Ortsverb\u00e4nde des DARC e.V. mit einer Geldspende unterst\u00fctzen, aus denen wenigstens zwei Mitglieder Helfer bei der WRTC 2018 vor Ort waren. Und so konnte ein sch\u00f6ne Spendensumme bereits auf unserer Kostenstelle beim DARC. e.V. verbucht werden. Allen WRTC-Aktiven des Ortsverbandes auf diesem Weg nochmals Herzlichen Dank!<\/p>\n\n\n\n<figure class=\"wp-block-image size-large\"><img loading=\"lazy\" decoding=\"async\" width=\"1024\" height=\"683\" src=\"https:\/\/www.baerenfunk.de\/wp-content\/uploads\/2018\/08\/1307_team_wrtc_9a7dx_9a3cg_dl9ee_und_siteteam_df1oe_8-0747-1024x683.jpg\" alt=\"\" class=\"wp-image-112\" srcset=\"https:\/\/www.baerenfunk.de\/wp-content\/uploads\/2018\/08\/1307_team_wrtc_9a7dx_9a3cg_dl9ee_und_siteteam_df1oe_8-0747-1024x683.jpg 1024w, https:\/\/www.baerenfunk.de\/wp-content\/uploads\/2018\/08\/1307_team_wrtc_9a7dx_9a3cg_dl9ee_und_siteteam_df1oe_8-0747-300x200.jpg 300w, https:\/\/www.baerenfunk.de\/wp-content\/uploads\/2018\/08\/1307_team_wrtc_9a7dx_9a3cg_dl9ee_und_siteteam_df1oe_8-0747-768x512.jpg 768w, https:\/\/www.baerenfunk.de\/wp-content\/uploads\/2018\/08\/1307_team_wrtc_9a7dx_9a3cg_dl9ee_und_siteteam_df1oe_8-0747-1568x1045.jpg 1568w\" sizes=\"(max-width: 767px) 89vw, (max-width: 1000px) 54vw, (max-width: 1071px) 543px, 580px\" \/><figcaption>H48er als Volunteers bei der WRTC 2018<\/figcaption><\/figure>\n","protected":false},"excerpt":{"rendered":"<p>Im Jahr 2018 unterst\u00fctzte ein Team von uns aktiv die WRTC 2018. Wir waren mit mehreren Wohnmobilen vor Ort, betreuten eine der Wettbewerb-Sites und hatten viel Spass dabei. Dann haben &hellip; <\/p>\n<p class=\"link-more\"><a href=\"https:\/\/www.baerenfunk.de\/index.php\/2022\/08\/01\/wrtc-2018-e-v-spende-fuer-h48\/\" class=\"more-link\"><span class=\"screen-reader-text\">\u201eWRTC 2018 e.V. Spende f\u00fcr H48\u201c<\/span> weiterlesen<\/a><\/p>\n","protected":false},"author":1,"featured_media":0,"comment_status":"closed","ping_status":"closed","sticky":false,"template":"","format":"standard","meta":{"footnotes":""},"categories":[4],"tags":[],"_links":{"self":[{"href":"https:\/\/www.baerenfunk.de\/index.php\/wp-json\/wp\/v2\/posts\/2023"}],"collection":[{"href":"https:\/\/www.baerenfunk.de\/index.php\/wp-json\/wp\/v2\/posts"}],"about":[{"href":"https:\/\/www.baerenfunk.de\/index.php\/wp-json\/wp\/v2\/types\/post"}],"author":[{"embeddable":true,"href":"https:\/\/www.baerenfunk.de\/index.php\/wp-json\/wp\/v2\/users\/1"}],"replies":[{"embeddable":true,"href":"https:\/\/www.baerenfunk.de\/index.php\/wp-json\/wp\/v2\/comments?post=2023"}],"version-history":[{"count":1,"href":"https:\/\/www.baerenfunk.de\/index.php\/wp-json\/wp\/v2\/posts\/2023\/revisions"}],"predecessor-version":[{"id":2024,"href":"https:\/\/www.baerenfunk.de\/index.php\/wp-json\/wp\/v2\/posts\/2023\/revisions\/2024"}],"wp:attachment":[{"href":"https:\/\/www.baerenfunk.de\/index.php\/wp-json\/wp\/v2\/media?parent=2023"}],"wp:term":[{"taxonomy":"category","embeddable":true,"href":"https:\/\/www.baerenfunk.de\/index.php\/wp-json\/wp\/v2\/categories?post=2023"},{"taxonomy":"post_tag","embeddable":true,"href":"https:\/\/www.baerenfunk.de\/index.php\/wp-json\/wp\/v2\/tags?post=2023"}],"curies":[{"name":"wp","href":"https:\/\/api.w.org\/{rel}","templated":true}]}}