{"id":1985,"date":"2022-07-03T12:51:44","date_gmt":"2022-07-03T11:51:44","guid":{"rendered":"https:\/\/www.baerenfunk.de\/?p=1985"},"modified":"2022-07-03T13:04:08","modified_gmt":"2022-07-03T12:04:08","slug":"aussage-von-vorstandsmitglied-fuehrt-zu-austritten","status":"publish","type":"post","link":"https:\/\/www.baerenfunk.de\/index.php\/2022\/07\/03\/aussage-von-vorstandsmitglied-fuehrt-zu-austritten\/","title":{"rendered":"Aussage von Vorstandsmitglied f\u00fchrt zu Austritten im Ortsverband"},"content":{"rendered":"\n<figure class=\"wp-block-image size-full\"><img loading=\"lazy\" decoding=\"async\" width=\"595\" height=\"208\" src=\"https:\/\/www.baerenfunk.de\/wp-content\/uploads\/2022\/07\/dg2ron-zitat.jpg\" alt=\"\" class=\"wp-image-1986\" srcset=\"https:\/\/www.baerenfunk.de\/wp-content\/uploads\/2022\/07\/dg2ron-zitat.jpg 595w, https:\/\/www.baerenfunk.de\/wp-content\/uploads\/2022\/07\/dg2ron-zitat-300x105.jpg 300w\" sizes=\"(max-width: 595px) 100vw, 595px\" \/><figcaption>Ronny Jerke &#8211; Vorstandsmitglied DARC e.V. Bundesvorstand<\/figcaption><\/figure>\n\n\n\n<p><a href=\"https:\/\/twitter.com\/DG2RON\/status\/1542402523063091200?t=8Lxp0fin7Tr6JdTf1wXuZg&amp;s=19\" target=\"_blank\" rel=\"noreferrer noopener\">https:\/\/twitter.com\/DG2RON\/status\/1542402523063091200?t=8Lxp0fin7Tr6JdTf1wXuZg&amp;s=19<\/a><\/p>\n\n\n\n<p>Diese vielleicht &#8211; auch sarkastisch gemeinte &#8211; Aussage von DG2RON auf Twitter f\u00fchrte bei uns im Ortsverband zum Austritt unseres QSL-Managers. Gleichzeitig l\u00e4uft eine Schlammschlacht in der DARC e.V. Facebook-Gruppe ab. Dort hatte ich den Post ver\u00f6ffentlicht und mir die Frage erlaubt, ob die Aussage &#8222;Es kann nicht angehen, das Menschen die keine Zukunft mehr haben \u00fcber eben diese bestimmen d\u00fcrfen.&#8220; f\u00fcr ein Vorstandsmitglied eines Verbandes mit mehrheitlich in der 2. Lebensh\u00e4lfte befindlichen Mitgliedern angemessen ist. <br>Allerdings scheint man wenn man diese Frage stellt ein Dummkopf zu sein. Eine Stellungnahme zu diesem Post seitens DG2RON gibt es nicht. <br><a href=\"https:\/\/www.facebook.com\/groups\/darcev\">https:\/\/www.facebook.com\/groups\/darcev<\/a><br> Mittlerweile haben einige OMs aus dem Ortsverband und auch der OVV in Emails an den ersten Vorsitzenden des DARC e.V. eine Stellungnahme gefordert.<br><br><\/p>\n","protected":false},"excerpt":{"rendered":"<p>https:\/\/twitter.com\/DG2RON\/status\/1542402523063091200?t=8Lxp0fin7Tr6JdTf1wXuZg&amp;s=19 Diese vielleicht &#8211; auch sarkastisch gemeinte &#8211; Aussage von DG2RON auf Twitter f\u00fchrte bei uns im Ortsverband zum Austritt unseres QSL-Managers. Gleichzeitig l\u00e4uft eine Schlammschlacht in der DARC e.V. &hellip; <\/p>\n<p class=\"link-more\"><a href=\"https:\/\/www.baerenfunk.de\/index.php\/2022\/07\/03\/aussage-von-vorstandsmitglied-fuehrt-zu-austritten\/\" class=\"more-link\"><span class=\"screen-reader-text\">\u201eAussage von Vorstandsmitglied f\u00fchrt zu Austritten im Ortsverband\u201c<\/span> weiterlesen<\/a><\/p>\n","protected":false},"author":1,"featured_media":0,"comment_status":"closed","ping_status":"closed","sticky":false,"template":"","format":"standard","meta":{"footnotes":""},"categories":[4],"tags":[],"_links":{"self":[{"href":"https:\/\/www.baerenfunk.de\/index.php\/wp-json\/wp\/v2\/posts\/1985"}],"collection":[{"href":"https:\/\/www.baerenfunk.de\/index.php\/wp-json\/wp\/v2\/posts"}],"about":[{"href":"https:\/\/www.baerenfunk.de\/index.php\/wp-json\/wp\/v2\/types\/post"}],"author":[{"embeddable":true,"href":"https:\/\/www.baerenfunk.de\/index.php\/wp-json\/wp\/v2\/users\/1"}],"replies":[{"embeddable":true,"href":"https:\/\/www.baerenfunk.de\/index.php\/wp-json\/wp\/v2\/comments?post=1985"}],"version-history":[{"count":2,"href":"https:\/\/www.baerenfunk.de\/index.php\/wp-json\/wp\/v2\/posts\/1985\/revisions"}],"predecessor-version":[{"id":1988,"href":"https:\/\/www.baerenfunk.de\/index.php\/wp-json\/wp\/v2\/posts\/1985\/revisions\/1988"}],"wp:attachment":[{"href":"https:\/\/www.baerenfunk.de\/index.php\/wp-json\/wp\/v2\/media?parent=1985"}],"wp:term":[{"taxonomy":"category","embeddable":true,"href":"https:\/\/www.baerenfunk.de\/index.php\/wp-json\/wp\/v2\/categories?post=1985"},{"taxonomy":"post_tag","embeddable":true,"href":"https:\/\/www.baerenfunk.de\/index.php\/wp-json\/wp\/v2\/tags?post=1985"}],"curies":[{"name":"wp","href":"https:\/\/api.w.org\/{rel}","templated":true}]}}