{"id":1964,"date":"2022-06-13T19:33:53","date_gmt":"2022-06-13T18:33:53","guid":{"rendered":"https:\/\/www.baerenfunk.de\/?p=1964"},"modified":"2022-06-13T19:33:56","modified_gmt":"2022-06-13T18:33:56","slug":"es-wird-vielleicht-auch-containert","status":"publish","type":"post","link":"https:\/\/www.baerenfunk.de\/index.php\/2022\/06\/13\/es-wird-vielleicht-auch-containert\/","title":{"rendered":"Es wird (vielleicht auch) containert&#8230;"},"content":{"rendered":"\n<p>Auch in dieser Woche gibt es wieder einige Anl\u00e4sse um von zu Hause aus oder vom Berg aus aktiv zu sein.<br>Hier eine kleine \u00dcbersicht:<\/p>\n\n\n\n<ul><li>Westfalen-S\u00fcd Aktivit\u00e4t<br>Dienstag, 14.06.2022, 17:00 bis 19:00 Uhr  144\/432 MHz CW,SSB,FM<\/li><li>NAC 432 MHz<br>Dienstag, 14.06.2022, 17:00 Uhr bis 21:00 Uhr<\/li><li>JARL All Asian DX Contest<br>Samstag, 18.06.2022 bis Sonntag, 19.06.2022, 00:00 Uhr bis 23:59<\/li><li>IARU Region I 50 MHz Contest<br>Samstag, 18.06.2022 bis Sonntag, 19.06.2022, 14:00 Uhr bis 13:59<br><\/li><\/ul>\n","protected":false},"excerpt":{"rendered":"<p>Auch in dieser Woche gibt es wieder einige Anl\u00e4sse um von zu Hause aus oder vom Berg aus aktiv zu sein.Hier eine kleine \u00dcbersicht: Westfalen-S\u00fcd Aktivit\u00e4tDienstag, 14.06.2022, 17:00 bis 19:00 &hellip; <\/p>\n<p class=\"link-more\"><a href=\"https:\/\/www.baerenfunk.de\/index.php\/2022\/06\/13\/es-wird-vielleicht-auch-containert\/\" class=\"more-link\"><span class=\"screen-reader-text\">\u201eEs wird (vielleicht auch) containert&#8230;\u201c<\/span> weiterlesen<\/a><\/p>\n","protected":false},"author":1,"featured_media":0,"comment_status":"closed","ping_status":"closed","sticky":false,"template":"","format":"standard","meta":{"footnotes":""},"categories":[3,4],"tags":[53],"_links":{"self":[{"href":"https:\/\/www.baerenfunk.de\/index.php\/wp-json\/wp\/v2\/posts\/1964"}],"collection":[{"href":"https:\/\/www.baerenfunk.de\/index.php\/wp-json\/wp\/v2\/posts"}],"about":[{"href":"https:\/\/www.baerenfunk.de\/index.php\/wp-json\/wp\/v2\/types\/post"}],"author":[{"embeddable":true,"href":"https:\/\/www.baerenfunk.de\/index.php\/wp-json\/wp\/v2\/users\/1"}],"replies":[{"embeddable":true,"href":"https:\/\/www.baerenfunk.de\/index.php\/wp-json\/wp\/v2\/comments?post=1964"}],"version-history":[{"count":1,"href":"https:\/\/www.baerenfunk.de\/index.php\/wp-json\/wp\/v2\/posts\/1964\/revisions"}],"predecessor-version":[{"id":1965,"href":"https:\/\/www.baerenfunk.de\/index.php\/wp-json\/wp\/v2\/posts\/1964\/revisions\/1965"}],"wp:attachment":[{"href":"https:\/\/www.baerenfunk.de\/index.php\/wp-json\/wp\/v2\/media?parent=1964"}],"wp:term":[{"taxonomy":"category","embeddable":true,"href":"https:\/\/www.baerenfunk.de\/index.php\/wp-json\/wp\/v2\/categories?post=1964"},{"taxonomy":"post_tag","embeddable":true,"href":"https:\/\/www.baerenfunk.de\/index.php\/wp-json\/wp\/v2\/tags?post=1964"}],"curies":[{"name":"wp","href":"https:\/\/api.w.org\/{rel}","templated":true}]}}