{"id":1947,"date":"2022-06-05T17:12:52","date_gmt":"2022-06-05T16:12:52","guid":{"rendered":"https:\/\/www.baerenfunk.de\/?p=1947"},"modified":"2022-06-05T21:12:26","modified_gmt":"2022-06-05T20:12:26","slug":"der-berg-ruft","status":"publish","type":"post","link":"https:\/\/www.baerenfunk.de\/index.php\/2022\/06\/05\/der-berg-ruft\/","title":{"rendered":"Der Berg ruft!"},"content":{"rendered":"\n<div class=\"wp-block-media-text alignwide is-stacked-on-mobile\"><figure class=\"wp-block-media-text__media\"><img loading=\"lazy\" decoding=\"async\" width=\"160\" height=\"363\" src=\"https:\/\/www.baerenfunk.de\/wp-content\/uploads\/2022\/06\/grafik-1.png\" alt=\"\" class=\"wp-image-1949 size-full\" srcset=\"https:\/\/www.baerenfunk.de\/wp-content\/uploads\/2022\/06\/grafik-1.png 160w, https:\/\/www.baerenfunk.de\/wp-content\/uploads\/2022\/06\/grafik-1-132x300.png 132w\" sizes=\"(max-width: 160px) 100vw, 160px\" \/><\/figure><div class=\"wp-block-media-text__content\">\n<p style=\"font-size:16px\">Am Dienstag wird es auf 144 Mhz sehr lebendig: Mehrere parallele Aktivit\u00e4ten laden zur Aktivierung von DL0TY ein. <br>Es werden viele Stationen aus DL QRV sein. Und gleichzeitig sind die Stationen des NAC QRV (19:00 bis 23:00  K\u00fcchenzeit), und der GMA-Contest findet statt. <br>Vom Lindener Berg aus wird man also recht viele Gro\u00dffelder auf 144 MHz erreichen k\u00f6nnen. Und nat\u00fcrlich auch mit Pom funken, der wieder einen der n\u00e4heren Berge erklimmen wird.<br>Informierte Kreise haben auch verlauten lassen, dass eventuell auch Aktivit\u00e4ten auf der Nanowelle stattfinden.<br> <\/p>\n<\/div><\/div>\n\n\n\n<p>\u00dcbrigens: Einen Kalender der Funkaktivt\u00e4ten und Conteste findest Du hier:<br><a href=\"https:\/\/www.darc.de\/der-club\/referate\/conteste\/contestkalender\/darc-contestkalender\/2022-juni-kwukw\/\" target=\"_blank\" rel=\"noreferrer noopener\">https:\/\/www.darc.de\/der-club\/referate\/conteste\/contestkalender\/darc-contestkalender\/2022-juni-kwukw\/<\/a><\/p>\n\n\n\n<p>Also: Wir sehen uns Dienstag auf dem Berg!<\/p>\n","protected":false},"excerpt":{"rendered":"<p>Am Dienstag wird es auf 144 Mhz sehr lebendig: Mehrere parallele Aktivit\u00e4ten laden zur Aktivierung von DL0TY ein. Es werden viele Stationen aus DL QRV sein. Und gleichzeitig sind die &hellip; <\/p>\n<p class=\"link-more\"><a href=\"https:\/\/www.baerenfunk.de\/index.php\/2022\/06\/05\/der-berg-ruft\/\" class=\"more-link\"><span class=\"screen-reader-text\">\u201eDer Berg ruft!\u201c<\/span> weiterlesen<\/a><\/p>\n","protected":false},"author":1,"featured_media":0,"comment_status":"closed","ping_status":"closed","sticky":false,"template":"","format":"standard","meta":{"footnotes":""},"categories":[3,4],"tags":[104,53,10,103],"_links":{"self":[{"href":"https:\/\/www.baerenfunk.de\/index.php\/wp-json\/wp\/v2\/posts\/1947"}],"collection":[{"href":"https:\/\/www.baerenfunk.de\/index.php\/wp-json\/wp\/v2\/posts"}],"about":[{"href":"https:\/\/www.baerenfunk.de\/index.php\/wp-json\/wp\/v2\/types\/post"}],"author":[{"embeddable":true,"href":"https:\/\/www.baerenfunk.de\/index.php\/wp-json\/wp\/v2\/users\/1"}],"replies":[{"embeddable":true,"href":"https:\/\/www.baerenfunk.de\/index.php\/wp-json\/wp\/v2\/comments?post=1947"}],"version-history":[{"count":6,"href":"https:\/\/www.baerenfunk.de\/index.php\/wp-json\/wp\/v2\/posts\/1947\/revisions"}],"predecessor-version":[{"id":1956,"href":"https:\/\/www.baerenfunk.de\/index.php\/wp-json\/wp\/v2\/posts\/1947\/revisions\/1956"}],"wp:attachment":[{"href":"https:\/\/www.baerenfunk.de\/index.php\/wp-json\/wp\/v2\/media?parent=1947"}],"wp:term":[{"taxonomy":"category","embeddable":true,"href":"https:\/\/www.baerenfunk.de\/index.php\/wp-json\/wp\/v2\/categories?post=1947"},{"taxonomy":"post_tag","embeddable":true,"href":"https:\/\/www.baerenfunk.de\/index.php\/wp-json\/wp\/v2\/tags?post=1947"}],"curies":[{"name":"wp","href":"https:\/\/api.w.org\/{rel}","templated":true}]}}